{"id":3376,"date":"2019-03-25T20:59:55","date_gmt":"2019-03-25T20:59:55","guid":{"rendered":"http:\/\/elobservatorio.com.mx\/38-guardavidas-vigilaran-las-playas-en-semana-santa-y-pascua"},"modified":"2019-03-25T20:59:55","modified_gmt":"2019-03-25T20:59:55","slug":"38-guardavidas-vigilaran-las-playas-en-semana-santa-y-pascua","status":"publish","type":"post","link":"http:\/\/elobservatorio.com.mx\/?p=3376","title":{"rendered":"38 guardavidas vigilar\u00e1n las playas en Semana Santa y Pascua"},"content":{"rendered":"<p>El Director de la Unidad Municipal de Protecci\u00f3n Civil Enrique Manuel Sep\u00falveda Rodr\u00edguez, dio a conocer en entrevista, que el proceso de selecci\u00f3n de salvavidas, va bastante adelantado y que hasta la fecha ya se les han aplicado varias pruebas para saber qui\u00e9nes son los m\u00e1s aptos para desempe\u00f1ar ese cargo<\/p>\n<p>\u201cson 30 guardavidas los que se tienen contemplados para dar la cobertura que se necesitan en Tecom\u00e1n, mas 8 que est\u00e1n de base, en total se estar\u00edan distribuyendo a 38 guardavidas en toda la zona de playa desde Boca de Apiza, hasta el \u00e1rea de Pascuales\u201d.<\/p>\n<p>Destac\u00f3 que se tienen las instrucciones precisas del Presidente Municipal El\u00edas Antonio Lozano Ochoa, de no escatimar recursos materiales ni humanos para sacar adelante la temporada vacacional que se avecina y lograr obtener saldo blanco.<\/p>\n<p>Se\u00f1al\u00f3 que con personal de PC estar\u00e1n cubriendo, playas, carreteras y los servicios normales de emergencia que se presentan, igual se tiene contemplada una reuni\u00f3n con las diferentes autoridades<\/p>\n<p>\u201clas invitaciones se giran a Cruz Roja, Bomberos, Polic\u00eda Federal, Estatal y Municipal para llevar a cabo el operativo de Semana Santa, porque se trata de que quienes nos visitan se sientan m\u00e1s seguros y es importante recalcar que deben de tomar medidas de precauci\u00f3n, pero sobre todo respetar las indicaciones que una autoridad les pueda dar y me refiero a los guardavidas que tambi\u00e9n son una autoridad\u201d.<\/p>\n<p>Sobre las recomendaciones Enrique Manuel Sep\u00falveda coment\u00f3 que siempre se les dice a los ba\u00f1istas que no deben de ingresar al mar o a las albercas despu\u00e9s de haber ingerido alimentos o bebidas alcoh\u00f3licas, no ingresar solos o donde nadie los vea es decir, en \u00e1reas donde no se encuentren guardavidas<\/p>\n<p>\u201cpero en las playas vamos a colocar los se\u00f1alamientos en donde le informemos a la poblaci\u00f3n sobre los horarios de los guardavidas y las \u00e1reas que cubren cada uno de ellos, tambi\u00e9n ya se est\u00e1n colocando las banderolas y respetarlas porque cada color indica el \u00edndice de peligrosidad que puedan tener\u201d.<\/p>\n<p>Tambi\u00e9n el titular de la UMPC recomend\u00f3 a quienes van a salir fuera que recorten los flujos de energ\u00eda el\u00e9ctricas y gas, que si tienen mascotas y no se las van a llevar que las dejen encargadas con alguien de confianza para que no vayan a tener ning\u00fan problema con sus mascotas; tambi\u00e9n si tienen medicina prescrita que la lleven consigo.<\/p>\n<p>Finalmente Sep\u00falveda Rodr\u00edguez abund\u00f3 que se tiene un contacto permanente con los enrramaderos para poder capacitar en primeros auxilios, al personal que ah\u00ed labora y que puedan atender cualquier inconveniente que se presente en tanto llegan los servicios de emergencia.<\/p>\n","protected":false},"excerpt":{"rendered":"<p>El Director de la Unidad Municipal de Protecci\u00f3n Civil Enrique Manuel Sep\u00falveda Rodr\u00edguez, dio a conocer en entrevista, que el proceso de selecci\u00f3n de salvavidas, va bastante adelantado y que hasta la fecha ya se les han aplicado varias pruebas para saber qui\u00e9nes son los m\u00e1s aptos para desempe\u00f1ar ese cargo \u201cson 30 guardavidas los&#8230;<\/p>\n","protected":false},"author":2,"featured_media":3377,"comment_status":"open","ping_status":"open","sticky":false,"template":"","format":"standard","meta":{"footnotes":""},"categories":[8,34],"tags":[29,30,28],"class_list":["post-3376","post","type-post","status-publish","format-standard","has-post-thumbnail","hentry","category-municipios","category-tecoman","tag-grid","tag-news","tag-slider"],"_links":{"self":[{"href":"http:\/\/elobservatorio.com.mx\/index.php?rest_route=\/wp\/v2\/posts\/3376"}],"collection":[{"href":"http:\/\/elobservatorio.com.mx\/index.php?rest_route=\/wp\/v2\/posts"}],"about":[{"href":"http:\/\/elobservatorio.com.mx\/index.php?rest_route=\/wp\/v2\/types\/post"}],"author":[{"embeddable":true,"href":"http:\/\/elobservatorio.com.mx\/index.php?rest_route=\/wp\/v2\/users\/2"}],"replies":[{"embeddable":true,"href":"http:\/\/elobservatorio.com.mx\/index.php?rest_route=%2Fwp%2Fv2%2Fcomments&post=3376"}],"version-history":[{"count":0,"href":"http:\/\/elobservatorio.com.mx\/index.php?rest_route=\/wp\/v2\/posts\/3376\/revisions"}],"wp:featuredmedia":[{"embeddable":true,"href":"http:\/\/elobservatorio.com.mx\/index.php?rest_route=\/wp\/v2\/media\/3377"}],"wp:attachment":[{"href":"http:\/\/elobservatorio.com.mx\/index.php?rest_route=%2Fwp%2Fv2%2Fmedia&parent=3376"}],"wp:term":[{"taxonomy":"category","embeddable":true,"href":"http:\/\/elobservatorio.com.mx\/index.php?rest_route=%2Fwp%2Fv2%2Fcategories&post=3376"},{"taxonomy":"post_tag","embeddable":true,"href":"http:\/\/elobservatorio.com.mx\/index.php?rest_route=%2Fwp%2Fv2%2Ftags&post=3376"}],"curies":[{"name":"wp","href":"https:\/\/api.w.org\/{rel}","templated":true}]}}