{"id":3446,"date":"2019-03-26T23:11:45","date_gmt":"2019-03-26T23:11:45","guid":{"rendered":"http:\/\/elobservatorio.com.mx\/elias-lozano-toma-protesta-a-los-integrantes-del-consejo-municipal-de-participacion-social-para-la-educacion"},"modified":"2019-03-26T23:11:45","modified_gmt":"2019-03-26T23:11:45","slug":"elias-lozano-toma-protesta-a-los-integrantes-del-consejo-municipal-de-participacion-social-para-la-educacion","status":"publish","type":"post","link":"http:\/\/elobservatorio.com.mx\/?p=3446","title":{"rendered":"El\u00edas Lozano toma protesta a los integrantes del Consejo Municipal de Participaci\u00f3n Social para la Educaci\u00f3n"},"content":{"rendered":"<p>Este martes el Presidente Municipal El\u00edas Antonio Lozano Ochoa, en el auditorio de la Casa de la Cultura, encabez\u00f3 la instalaci\u00f3n del Consejo Municipal de Participaci\u00f3n Social para la Educaci\u00f3n.<\/p>\n<p>Al hacer uso de la voz el alcalde de Tecom\u00e1n se\u00f1al\u00f3 que, hablar de la educaci\u00f3n es tener en cuenta la gran importancia que tiene tanto para los maestros, padres de familia, el estado y para la sociedad en general pues todos est\u00e1n inmiscuidos en este tema ya que todos somos responsables de que nuestros ni\u00f1os y j\u00f3venes reciban la educaci\u00f3n escolar de calidad que tanto deseamos \u201cpor mandato constitucional estamos obligados, los tres niveles de gobierno a garantizar la calidad de la educaci\u00f3n de manera tal que los materiales y m\u00e9todos educativos, la organizaci\u00f3n escolar, la infraestructura educativa, y la idoneidad de los docentes y los directivos, garanticen el m\u00e1ximo logro de aprendizaje de los educandos\u201d.<\/p>\n<p>Lozano Ochoa asegur\u00f3 que en su administraci\u00f3n est\u00e1n comprometidos y siempre le apostar\u00e1n a la educaci\u00f3n \u201cactualmente estamos trabajando de la mano con la Secretar\u00eda de Educaci\u00f3n a trav\u00e9s de la Unidad de Servicios Educativos en coordinaci\u00f3n con la Direcci\u00f3n de Educaci\u00f3n y Cultura del H. Ayuntamiento de Tecom\u00e1n y desde luego con la colaboraci\u00f3n de los supervisores de todas las zonas escolares de educaci\u00f3n b\u00e1sica, en donde estamos realizando ceremonias mensuales con el fin de fomentar y rescatar los valores c\u00edvicos y culturales de nuestros estudiantes\u201d.<\/p>\n<p>Por su parte la representante del Secretario de Educaci\u00f3n Edna Teresa Gait\u00e1n Vega se\u00f1al\u00f3 que en la Ley General de Educaci\u00f3n se se\u00f1ala la participaci\u00f3n de la sociedad en actividades que tienen por objeto fortalecer y elevar la calidad de la educaci\u00f3n p\u00fablica, as\u00ed como ampliar los servicios de educaci\u00f3n, \u201cpor ello estamos reunidos para instalar el Consejo Municipal de Participaci\u00f3n Social en la educaci\u00f3n, con el prop\u00f3sito de fortalecer los ambientes escolares y mejorar la calidad en la educaci\u00f3n en todos los centros escolares del municipio de Tecom\u00e1n\u201d.<\/p>\n<p>La toma de protesta de los integrantes del Consejo Municipal de Participaci\u00f3n Social en la Educaci\u00f3n, estuvo a cargo del Presidente Municipal El\u00edas Antonio Lozano Ochoa y qued\u00f3 integrada por Alejandro Rodr\u00edguez V\u00e1zquez, Humberto Uribe Godinez, Sandra Karent Medina Machuca, Elba Ang\u00e9lica L\u00f3pez Z\u00fa\u00f1iga, Dhylva del Toro L\u00f3pez, Adriana Garc\u00eda Negrete, Jaime Macedo C\u00e1rdenas, Ren\u00e9 M\u00e9ndez Albarr\u00e1n, Mart\u00edn Rosales Parra, Mar\u00eda Inocencia Torres S\u00e1nchez, Rub\u00e9n Barajas Escobar, Lizette Alejandra Vargas Rodr\u00edguez, Zulema Torres Vega, Ahid\u00e9 Ram\u00edrez Cort\u00e9s, Alida Guti\u00e9rrez \u00c1lvarez, Alejandro Ch\u00e1vez Garc\u00eda, Diana Margarita Garibay Garc\u00eda, Virginia D\u00edaz G\u00f3mez, Mar\u00eda de Jes\u00fas Fraire Valencia, Xochitl Rinc\u00f3n Lara, Guadalupe Ru\u00edz Jim\u00e9nez y Oscar Pinto de la Mora.<\/p>\n<p>El Presidente del Consejo Municipal de Participaci\u00f3n Social en la educaci\u00f3n Alejandro Rodr\u00edguez V\u00e1zquez, finalmente, dijo que es una oportunidad de poder servir al municipio y se comprometi\u00f3 a dar la atenci\u00f3n y gestionar las inquietudes, as\u00ed como trabajar coordinadamente con los dem\u00e1s consejeros que integran el consejo municipal.<\/p>\n<p>Estuvieron presentes\u00a0 Rogelio Pinto P\u00e9rez Delegado Regional 2 de la Universidad de Colima y con la representaci\u00f3n del Secretario de Educaci\u00f3n Jaime Flores Merlo, la maestra Edna Teresa Gait\u00e1n Vega, la Presidenta de la Comisi\u00f3n de Educaci\u00f3n en el Cabildo tecomense Sandra Karent Medina Machuca, el Secretario del H. Ayuntamiento Humberto Uribe Godinez, la Jefa del Sector de Preescolar Dhylva del Toro L\u00f3pez, el Presidente de la Asociaci\u00f3n de Periodistas de Tecom\u00e1n, Armer\u00eda e Ixtlahuac\u00e1n Miguel \u00c1ngel Barbosa Ramos, y la presencia de jefes de sector, supervisores, docentes, madres y padres de familia.<\/p>\n","protected":false},"excerpt":{"rendered":"<p>Este martes el Presidente Municipal El\u00edas Antonio Lozano Ochoa, en el auditorio de la Casa de la Cultura, encabez\u00f3 la instalaci\u00f3n del Consejo Municipal de Participaci\u00f3n Social para la Educaci\u00f3n. Al hacer uso de la voz el alcalde de Tecom\u00e1n se\u00f1al\u00f3 que, hablar de la educaci\u00f3n es tener en cuenta la gran importancia que tiene&#8230;<\/p>\n","protected":false},"author":2,"featured_media":3447,"comment_status":"open","ping_status":"open","sticky":false,"template":"","format":"standard","meta":{"footnotes":""},"categories":[8,34],"tags":[29,30,28],"class_list":["post-3446","post","type-post","status-publish","format-standard","has-post-thumbnail","hentry","category-municipios","category-tecoman","tag-grid","tag-news","tag-slider"],"_links":{"self":[{"href":"http:\/\/elobservatorio.com.mx\/index.php?rest_route=\/wp\/v2\/posts\/3446"}],"collection":[{"href":"http:\/\/elobservatorio.com.mx\/index.php?rest_route=\/wp\/v2\/posts"}],"about":[{"href":"http:\/\/elobservatorio.com.mx\/index.php?rest_route=\/wp\/v2\/types\/post"}],"author":[{"embeddable":true,"href":"http:\/\/elobservatorio.com.mx\/index.php?rest_route=\/wp\/v2\/users\/2"}],"replies":[{"embeddable":true,"href":"http:\/\/elobservatorio.com.mx\/index.php?rest_route=%2Fwp%2Fv2%2Fcomments&post=3446"}],"version-history":[{"count":0,"href":"http:\/\/elobservatorio.com.mx\/index.php?rest_route=\/wp\/v2\/posts\/3446\/revisions"}],"wp:featuredmedia":[{"embeddable":true,"href":"http:\/\/elobservatorio.com.mx\/index.php?rest_route=\/wp\/v2\/media\/3447"}],"wp:attachment":[{"href":"http:\/\/elobservatorio.com.mx\/index.php?rest_route=%2Fwp%2Fv2%2Fmedia&parent=3446"}],"wp:term":[{"taxonomy":"category","embeddable":true,"href":"http:\/\/elobservatorio.com.mx\/index.php?rest_route=%2Fwp%2Fv2%2Fcategories&post=3446"},{"taxonomy":"post_tag","embeddable":true,"href":"http:\/\/elobservatorio.com.mx\/index.php?rest_route=%2Fwp%2Fv2%2Ftags&post=3446"}],"curies":[{"name":"wp","href":"https:\/\/api.w.org\/{rel}","templated":true}]}}