{"id":3639,"date":"2019-03-29T20:20:57","date_gmt":"2019-03-29T20:20:57","guid":{"rendered":"http:\/\/elobservatorio.com.mx\/libera-profepa-ejemplar-de-aguililla-gris-en-su-habitat-en-colima"},"modified":"2019-03-29T20:20:57","modified_gmt":"2019-03-29T20:20:57","slug":"libera-profepa-ejemplar-de-aguililla-gris-en-su-habitat-en-colima","status":"publish","type":"post","link":"http:\/\/elobservatorio.com.mx\/?p=3639","title":{"rendered":"Libera PROFEPA ejemplar de aguililla gris en su h\u00e1bitat, en Colima"},"content":{"rendered":"<p><em>*Tras ser valorada cl\u00ednica y conductualmente, por especialistas- y estar bajo observaci\u00f3n y con alimentaci\u00f3n adecuada, fue liberada.<\/em><\/p>\n<p>Alfredo Quiles Cabrera<\/p>\n<p>Personal de la Procuradur\u00eda Federal de Protecci\u00f3n al Ambiente (Profepa) liber\u00f3 en su medio natural un aguililla gris (Buteo plagiatus), hembra, adulta, en el Municipio de Colima, en el estado de Colima.<\/p>\n<p>El ejemplar fue liberado en la Unidad de Manejo para la Conservaci\u00f3n de la Vida Silvestre (UMA) \u201cRancho El Peregrino\u201d, perteneciente a la Universidad de Colima, el cual posee m\u00e1s de 30 hect\u00e1reas y cuenta con las condiciones naturales para el desarrollo del ejemplar.<\/p>\n<p>Cabe se\u00f1alar que en d\u00edas pasados personal de la Profepa recibi\u00f3 el ave de presa por parte de un ciudadano, quien la encontr\u00f3 en un terreno ubicado en el Municipio de Villa de \u00c1lvarez, Colima.<\/p>\n<p>El ejemplar fue revisado por m\u00e9dicos veterinarios del Comit\u00e9 de Vigilancia Ambiental Participativa (CVAP) \u201cProtecci\u00f3n y Conservaci\u00f3n de Fauna Silvestre\u201d, y tras estar un tiempo en observaci\u00f3n y atenci\u00f3n, los especialistas consideraron que por su buen estado f\u00edsico era posible liberarlo.<\/p>\n<p>El aguililla gris pertenece a la familia Accipitradae, conformada por 209 especies, entre ellas \u00e1guilas, gavilanes, milanos y otras aguilillas. El ave es peque\u00f1a con una altura promedio de 45 cm.<\/p>\n<p>Esta ave es diurna, se alimenta de peque\u00f1os mam\u00edferos como ratas de campo, conejos y ardillas, as\u00ed como peque\u00f1os reptiles, como lagartijas y culebras.<\/p>\n<p>Con estas acciones, la Profepa reitera su compromiso para conservar y proteger la fauna nativa de todas las regiones de M\u00e9xico.<\/p>\n","protected":false},"excerpt":{"rendered":"<p>*Tras ser valorada cl\u00ednica y conductualmente, por especialistas- y estar bajo observaci\u00f3n y con alimentaci\u00f3n adecuada, fue liberada. Alfredo Quiles Cabrera Personal de la Procuradur\u00eda Federal de Protecci\u00f3n al Ambiente (Profepa) liber\u00f3 en su medio natural un aguililla gris (Buteo plagiatus), hembra, adulta, en el Municipio de Colima, en el estado de Colima. El ejemplar&#8230;<\/p>\n","protected":false},"author":2,"featured_media":3640,"comment_status":"open","ping_status":"open","sticky":false,"template":"","format":"standard","meta":{"footnotes":""},"categories":[16],"tags":[29,30,28],"class_list":["post-3639","post","type-post","status-publish","format-standard","has-post-thumbnail","hentry","category-gobierno","tag-grid","tag-news","tag-slider"],"_links":{"self":[{"href":"http:\/\/elobservatorio.com.mx\/index.php?rest_route=\/wp\/v2\/posts\/3639"}],"collection":[{"href":"http:\/\/elobservatorio.com.mx\/index.php?rest_route=\/wp\/v2\/posts"}],"about":[{"href":"http:\/\/elobservatorio.com.mx\/index.php?rest_route=\/wp\/v2\/types\/post"}],"author":[{"embeddable":true,"href":"http:\/\/elobservatorio.com.mx\/index.php?rest_route=\/wp\/v2\/users\/2"}],"replies":[{"embeddable":true,"href":"http:\/\/elobservatorio.com.mx\/index.php?rest_route=%2Fwp%2Fv2%2Fcomments&post=3639"}],"version-history":[{"count":0,"href":"http:\/\/elobservatorio.com.mx\/index.php?rest_route=\/wp\/v2\/posts\/3639\/revisions"}],"wp:featuredmedia":[{"embeddable":true,"href":"http:\/\/elobservatorio.com.mx\/index.php?rest_route=\/wp\/v2\/media\/3640"}],"wp:attachment":[{"href":"http:\/\/elobservatorio.com.mx\/index.php?rest_route=%2Fwp%2Fv2%2Fmedia&parent=3639"}],"wp:term":[{"taxonomy":"category","embeddable":true,"href":"http:\/\/elobservatorio.com.mx\/index.php?rest_route=%2Fwp%2Fv2%2Fcategories&post=3639"},{"taxonomy":"post_tag","embeddable":true,"href":"http:\/\/elobservatorio.com.mx\/index.php?rest_route=%2Fwp%2Fv2%2Ftags&post=3639"}],"curies":[{"name":"wp","href":"https:\/\/api.w.org\/{rel}","templated":true}]}}