{"id":3742,"date":"2019-04-02T19:35:28","date_gmt":"2019-04-02T19:35:28","guid":{"rendered":"http:\/\/elobservatorio.com.mx\/caen-secuestradores-de-mujer-rescatada-en-tecoman"},"modified":"2019-04-02T19:35:28","modified_gmt":"2019-04-02T19:35:28","slug":"caen-secuestradores-de-mujer-rescatada-en-tecoman","status":"publish","type":"post","link":"http:\/\/elobservatorio.com.mx\/?p=3742","title":{"rendered":"Caen secuestradores de mujer rescatada en Tecom\u00e1n"},"content":{"rendered":"<p><em>*La privaron de la libertad hace m\u00e1s de una semana.<\/em><\/p>\n<p>Dos sujetos que hace m\u00e1s de una semana privaron de la libertad a una mujer en la Ciudad de Tecom\u00e1n, fueron vinculados a proceso y enviados el reclusorio preventivo por \u00f3rdenes del juez, a fin de que el Ministerio P\u00fablico realice la investigaci\u00f3n complementaria que defina su situaci\u00f3n jur\u00eddica.<\/p>\n<p>De acuerdo con lo que establece la Carpeta de Investigaci\u00f3n, el d\u00eda de los hechos los imputados se llevaron por la fuerza en un veh\u00edculo a la v\u00edctima, cuando \u00e9sta se encontraba en su domicilio de la colonia Cofrad\u00eda de Ju\u00e1rez, siendo interceptados calles adelante por elementos de la Direcci\u00f3n de Seguridad P\u00fablica del Municipio.<\/p>\n<p>Adem\u00e1s de rescatar a la persona los elementos policiales detuvieron a los agresores, quienes quedaron a disposici\u00f3n del representante social, y \u00e9ste a su vez los turn\u00f3 al \u00f3rgano jurisdiccional que resolvi\u00f3 su vinculaci\u00f3n a proceso y la medida cautelar correspondiente.<\/p>\n<p>Se trata de dos hombres de 29 y 33 a\u00f1os de edad, que por los sucesos ya descritos permanecen presos como imputados del delito de secuestro agravado, en espera de que el juez determine su responsabilidad en este caso.<\/p>\n<p>La Fiscal\u00eda de Colima sigue trabajando en la persecuci\u00f3n y esclarecimiento de los delitos, a fin de capturar a quienes los cometen y turnarlos a la autoridad jurisdiccional correspondiente.<\/p>\n<p>En las tareas que llevan a cabo las autoridades en materia de seguridad y procuraci\u00f3n de justicia, es importante la colaboraci\u00f3n de la sociedad a trav\u00e9s de sus denuncias an\u00f3nimas, por ello se sigue exhortando a realizarlas a la l\u00ednea 089 y el reporte de las emergencias al 911.<\/p>\n","protected":false},"excerpt":{"rendered":"<p>*La privaron de la libertad hace m\u00e1s de una semana. Dos sujetos que hace m\u00e1s de una semana privaron de la libertad a una mujer en la Ciudad de Tecom\u00e1n, fueron vinculados a proceso y enviados el reclusorio preventivo por \u00f3rdenes del juez, a fin de que el Ministerio P\u00fablico realice la investigaci\u00f3n complementaria que&#8230;<\/p>\n","protected":false},"author":2,"featured_media":3743,"comment_status":"open","ping_status":"open","sticky":false,"template":"","format":"standard","meta":{"footnotes":""},"categories":[15],"tags":[29,30,28],"class_list":["post-3742","post","type-post","status-publish","format-standard","has-post-thumbnail","hentry","category-seguridad-y-justicia","tag-grid","tag-news","tag-slider"],"_links":{"self":[{"href":"http:\/\/elobservatorio.com.mx\/index.php?rest_route=\/wp\/v2\/posts\/3742"}],"collection":[{"href":"http:\/\/elobservatorio.com.mx\/index.php?rest_route=\/wp\/v2\/posts"}],"about":[{"href":"http:\/\/elobservatorio.com.mx\/index.php?rest_route=\/wp\/v2\/types\/post"}],"author":[{"embeddable":true,"href":"http:\/\/elobservatorio.com.mx\/index.php?rest_route=\/wp\/v2\/users\/2"}],"replies":[{"embeddable":true,"href":"http:\/\/elobservatorio.com.mx\/index.php?rest_route=%2Fwp%2Fv2%2Fcomments&post=3742"}],"version-history":[{"count":0,"href":"http:\/\/elobservatorio.com.mx\/index.php?rest_route=\/wp\/v2\/posts\/3742\/revisions"}],"wp:featuredmedia":[{"embeddable":true,"href":"http:\/\/elobservatorio.com.mx\/index.php?rest_route=\/wp\/v2\/media\/3743"}],"wp:attachment":[{"href":"http:\/\/elobservatorio.com.mx\/index.php?rest_route=%2Fwp%2Fv2%2Fmedia&parent=3742"}],"wp:term":[{"taxonomy":"category","embeddable":true,"href":"http:\/\/elobservatorio.com.mx\/index.php?rest_route=%2Fwp%2Fv2%2Fcategories&post=3742"},{"taxonomy":"post_tag","embeddable":true,"href":"http:\/\/elobservatorio.com.mx\/index.php?rest_route=%2Fwp%2Fv2%2Ftags&post=3742"}],"curies":[{"name":"wp","href":"https:\/\/api.w.org\/{rel}","templated":true}]}}