{"id":3746,"date":"2019-04-02T20:07:50","date_gmt":"2019-04-02T20:07:50","guid":{"rendered":"http:\/\/elobservatorio.com.mx\/se-registra-movimiento-telurico-en-colima"},"modified":"2019-04-02T20:07:50","modified_gmt":"2019-04-02T20:07:50","slug":"se-registra-movimiento-telurico-en-colima","status":"publish","type":"post","link":"http:\/\/elobservatorio.com.mx\/?p=3746","title":{"rendered":"Se registra movimiento tel\u00farico en Colima"},"content":{"rendered":"<p><em>*Fue de 3.6 grados, informa el Servicio Sismol\u00f3gico Nacional.<\/em><\/p>\n<p>Alfredo Quiles Cabrera<\/p>\n<p>La ma\u00f1ana de este martes se registr\u00f3 un sismo de magnitud 3.6, al suroeste de Manzanillo, en Colima, inform\u00f3 el Servicio Sismol\u00f3gico Nacional (SSN), sin que haya reporte de da\u00f1os.<\/p>\n<p>De acuerdo con el reporte m\u00e1s reciente y a trav\u00e9s de la cuenta en Twitter @SSNMexico, precis\u00f3 que el epicentro se ubic\u00f3 a 33 kil\u00f3metros al suroeste de Manzanillo, con latitud de 18.78, longitud de -104.46 y una profundidad de 15 kil\u00f3metros.<\/p>\n<p>El organismo tambi\u00e9n report\u00f3 un sismo de 3.5, al noreste de Mat\u00edas Romero, en Oaxaca, a las 4:46 horas de este martes, con epicentro a 58 kil\u00f3metros al noreste de este municipio oaxaque\u00f1o.<\/p>\n<p>El movimiento tel\u00farico tuvo lugar a una profundidad de 126 kil\u00f3metros, latitud de 14.26 y una longitud de -94.68, agreg\u00f3 el Sismol\u00f3gico.<\/p>\n","protected":false},"excerpt":{"rendered":"<p>*Fue de 3.6 grados, informa el Servicio Sismol\u00f3gico Nacional. Alfredo Quiles Cabrera La ma\u00f1ana de este martes se registr\u00f3 un sismo de magnitud 3.6, al suroeste de Manzanillo, en Colima, inform\u00f3 el Servicio Sismol\u00f3gico Nacional (SSN), sin que haya reporte de da\u00f1os. De acuerdo con el reporte m\u00e1s reciente y a trav\u00e9s de la cuenta&#8230;<\/p>\n","protected":false},"author":2,"featured_media":3747,"comment_status":"open","ping_status":"open","sticky":false,"template":"","format":"standard","meta":{"footnotes":""},"categories":[15],"tags":[29,30,28],"class_list":["post-3746","post","type-post","status-publish","format-standard","has-post-thumbnail","hentry","category-seguridad-y-justicia","tag-grid","tag-news","tag-slider"],"_links":{"self":[{"href":"http:\/\/elobservatorio.com.mx\/index.php?rest_route=\/wp\/v2\/posts\/3746"}],"collection":[{"href":"http:\/\/elobservatorio.com.mx\/index.php?rest_route=\/wp\/v2\/posts"}],"about":[{"href":"http:\/\/elobservatorio.com.mx\/index.php?rest_route=\/wp\/v2\/types\/post"}],"author":[{"embeddable":true,"href":"http:\/\/elobservatorio.com.mx\/index.php?rest_route=\/wp\/v2\/users\/2"}],"replies":[{"embeddable":true,"href":"http:\/\/elobservatorio.com.mx\/index.php?rest_route=%2Fwp%2Fv2%2Fcomments&post=3746"}],"version-history":[{"count":0,"href":"http:\/\/elobservatorio.com.mx\/index.php?rest_route=\/wp\/v2\/posts\/3746\/revisions"}],"wp:featuredmedia":[{"embeddable":true,"href":"http:\/\/elobservatorio.com.mx\/index.php?rest_route=\/wp\/v2\/media\/3747"}],"wp:attachment":[{"href":"http:\/\/elobservatorio.com.mx\/index.php?rest_route=%2Fwp%2Fv2%2Fmedia&parent=3746"}],"wp:term":[{"taxonomy":"category","embeddable":true,"href":"http:\/\/elobservatorio.com.mx\/index.php?rest_route=%2Fwp%2Fv2%2Fcategories&post=3746"},{"taxonomy":"post_tag","embeddable":true,"href":"http:\/\/elobservatorio.com.mx\/index.php?rest_route=%2Fwp%2Fv2%2Ftags&post=3746"}],"curies":[{"name":"wp","href":"https:\/\/api.w.org\/{rel}","templated":true}]}}