{"id":3749,"date":"2019-04-02T23:05:46","date_gmt":"2019-04-02T23:05:46","guid":{"rendered":"http:\/\/elobservatorio.com.mx\/dan-de-baja-a-8-policias-por-reprobar-examen-de-control-y-confianza"},"modified":"2019-04-02T23:06:41","modified_gmt":"2019-04-02T23:06:41","slug":"dan-de-baja-a-8-policias-por-reprobar-examen-de-control-y-confianza","status":"publish","type":"post","link":"http:\/\/elobservatorio.com.mx\/?p=3749","title":{"rendered":"Dan de baja a 8 polic\u00edas por reprobar examen de control y confianza"},"content":{"rendered":"<p><em>*Se les notific\u00f3 que hasta el 31 de marzo conclu\u00eda sus contrato de trabajo\u00a0<\/em><\/p>\n<p>Comala Col.. Por no pasar el examen de control y confianza que obligatoriamente se les realiza a los elementos de seguridad p\u00fablica,\u00a0 ocho elementos municipales fueron dados de baja, inform\u00f3 el director de seguridad p\u00fablica, Javier Montes Garc\u00eda<\/p>\n<p>Agreg\u00f3 que el d\u00eda de ayer primero se les notific\u00f3 que su contrato de trabajo ser\u00eda hasta el 31 de marzo, debido a que reprobaron la prueba de control y confianza ya no se les recontrat\u00f3, aunque posiblemente ellos esperaban que se les recontratara,<\/p>\n<p>\u00abNo fueron despedidos, aclarar eso, ya no fueron recontratados por esa raz\u00f3n, pasaron administraciones y ese asunto no se pod\u00eda regularizar, los muchachos no pueden estar renovando contratos cada tres meses, estamos fuera de la ley administrativa si lo hacemos\u00bb.<\/p>\n<p>En ese sentido, coment\u00f3 el compromiso que se hizo con el secretariado y el mismo gobernador de regularizar ese personal, dejar de ser polic\u00eda auxiliar para pasar al proceso de estar dado de alta como polic\u00eda en la federaci\u00f3n, porque no se les puede mandar a pr\u00e1cticas de tiro porque no tienen\u00a0 armas, aunque tengan muchas ganas de trabajar, pero cuentan con poca preparaci\u00f3n porque no son polic\u00edas como tales,<\/p>\n<p>\u00aby caemos en una responsabilidad porque si al rato tienen un accidente no tienen sus prestaciones como tal, aparte no contaban con antig\u00fcedad por lo mismo, y buscamos ya regularizar esa situaci\u00f3n\u00bb<\/p>\n<p>Se lanz\u00f3 una convocatoria para contratar ese hueco de ocho vacantes, la cual ser\u00e1 de manera transparente y abierta para quien cumpla con los requisitos y le interese participar, as\u00ed tambi\u00e9n para las mismas autoridades municipales que quieran visitar la corporaci\u00f3n y a la vez conocer la convocatoria puede hacerlo.<\/p>\n<p>Finalmente dijo que el alcalde Donaldo Zu\u00f1iga ha instruido y ha brindado el apoyo para que los polic\u00edas se preparen, que m\u00ednimo cuenten con preparatoria para que puedan contar con mejor capacitaci\u00f3n e incluso mejores salarios.<\/p>\n<p>&nbsp;<\/p>\n","protected":false},"excerpt":{"rendered":"<p>*Se les notific\u00f3 que hasta el 31 de marzo conclu\u00eda sus contrato de trabajo\u00a0 Comala Col.. Por no pasar el examen de control y confianza que obligatoriamente se les realiza a los elementos de seguridad p\u00fablica,\u00a0 ocho elementos municipales fueron dados de baja, inform\u00f3 el director de seguridad p\u00fablica, Javier Montes Garc\u00eda Agreg\u00f3 que el&#8230;<\/p>\n","protected":false},"author":2,"featured_media":3750,"comment_status":"open","ping_status":"open","sticky":false,"template":"","format":"standard","meta":{"footnotes":""},"categories":[37,8],"tags":[29,30,28],"class_list":["post-3749","post","type-post","status-publish","format-standard","has-post-thumbnail","hentry","category-comala","category-municipios","tag-grid","tag-news","tag-slider"],"_links":{"self":[{"href":"http:\/\/elobservatorio.com.mx\/index.php?rest_route=\/wp\/v2\/posts\/3749"}],"collection":[{"href":"http:\/\/elobservatorio.com.mx\/index.php?rest_route=\/wp\/v2\/posts"}],"about":[{"href":"http:\/\/elobservatorio.com.mx\/index.php?rest_route=\/wp\/v2\/types\/post"}],"author":[{"embeddable":true,"href":"http:\/\/elobservatorio.com.mx\/index.php?rest_route=\/wp\/v2\/users\/2"}],"replies":[{"embeddable":true,"href":"http:\/\/elobservatorio.com.mx\/index.php?rest_route=%2Fwp%2Fv2%2Fcomments&post=3749"}],"version-history":[{"count":0,"href":"http:\/\/elobservatorio.com.mx\/index.php?rest_route=\/wp\/v2\/posts\/3749\/revisions"}],"wp:featuredmedia":[{"embeddable":true,"href":"http:\/\/elobservatorio.com.mx\/index.php?rest_route=\/wp\/v2\/media\/3750"}],"wp:attachment":[{"href":"http:\/\/elobservatorio.com.mx\/index.php?rest_route=%2Fwp%2Fv2%2Fmedia&parent=3749"}],"wp:term":[{"taxonomy":"category","embeddable":true,"href":"http:\/\/elobservatorio.com.mx\/index.php?rest_route=%2Fwp%2Fv2%2Fcategories&post=3749"},{"taxonomy":"post_tag","embeddable":true,"href":"http:\/\/elobservatorio.com.mx\/index.php?rest_route=%2Fwp%2Fv2%2Ftags&post=3749"}],"curies":[{"name":"wp","href":"https:\/\/api.w.org\/{rel}","templated":true}]}}