{"id":3755,"date":"2019-04-03T01:12:36","date_gmt":"2019-04-03T01:12:36","guid":{"rendered":"http:\/\/elobservatorio.com.mx\/felipe-cruz-visita-escuela-de-talentos-y-recibe-a-asociacion-%c2%a1como-vamos-colima"},"modified":"2019-04-03T01:12:36","modified_gmt":"2019-04-03T01:12:36","slug":"felipe-cruz-visita-escuela-de-talentos-y-recibe-a-asociacion-%c2%a1como-vamos-colima","status":"publish","type":"post","link":"http:\/\/elobservatorio.com.mx\/?p=3755","title":{"rendered":"Felipe Cruz visita escuela de talentos y recibe a asociaci\u00f3n \u00a1C\u00f3mo Vamos Colima!"},"content":{"rendered":"<p><em>*En otras actividades, la tarde-noche del lunes, el edil villalvarense hizo un recorrido por la colonia Real de Minas <\/em><\/p>\n<p>El Presidente Municipal Felipe Cruz realiz\u00f3 una visita a la Escuela Secundaria 12 Estatal de Talentos, ubicada en la colonia Tabachines Norte, donde fue recibido por los directivos del plantel, quienes le informaron sobre el modelo educativo de \u00e9ste, y le presentaron una muestra art\u00edstica y de la Banda de Guerra.<\/p>\n<p>Acompa\u00f1ado por la S\u00edndica Karina Heredia, Cruz Calvario hizo un recorrido por las instalaciones y fue informado sobre la din\u00e1mica de esta escuela, por parte del director y el coordinador escolar, Francisco Javier L\u00f3pez Verj\u00e1n y Marco Antonio Villa Ventura, respectivamente.<\/p>\n<p><strong>\u201c\u00a1C\u00d3MO VAMOS COLIMA!\u201d<\/strong><\/p>\n<p>La ma\u00f1ana de este martes el Presidente Municipal Felipe Cruz presidi\u00f3 una reuni\u00f3n con los directivos de la asociaci\u00f3n \u201c\u00a1C\u00f3mo Vamos Colima!\u201d, en el Sal\u00f3n de Cabildo de la Presidencia Municipal, reuni\u00f3n en la que participaron integrantes del Cabildo Municipal y funcionarios p\u00fablicos de diversas \u00e1reas.<\/p>\n<p>Esta reuni\u00f3n tuvo como objetivo intercambiar puntos de vista que permita a esta asociaci\u00f3n civil un diagn\u00f3stico con relaci\u00f3n a metas y expectativas de la administraci\u00f3n municipal de cara a las necesidades de Villa de \u00c1lvarez.<\/p>\n<p>Estuvieron presentes, por parte de \u00a1C\u00f3mo Vamos Colima!, Alejandro Bayardo, Francisco Jos\u00e9 Rivas y Mar\u00eda Cornejo; mientras que, de la administraci\u00f3n, acompa\u00f1aron al alcalde la S\u00edndica Karina Heredia y las regidoras Graciela Jim\u00e9nez, Erandi Yunu\u00e9n Rodr\u00edguez, Ma. Gloria Cort\u00e9s y Perla V\u00e1zquez; los regidores Josu\u00e9 Eulalio Vergara, Daniel Torres y Mario Padilla; y, entre otros\u00a0 los funcionarios municipales, Juan Hilario Reyes y Rogelio Trejo, Contralor y director de Planeaci\u00f3n, respectivamente.<\/p>\n<p><strong>ALCALDE\u00a0 VISITA REAL DE MINAS<\/strong><\/p>\n<p>La tarde-noche del lunes, el Presidente Municipal Felipe Cruz, acompa\u00f1ado por la S\u00edndica Karina Heredia, por el regidor Daniel Torres, y por sus principales colaboradores de las \u00e1reas municipales relacionadas con atenci\u00f3n directa diaria a los ciudadanos, se reuni\u00f3 con los colonos de Real de Minas, con quienes hizo un recorrido por algunas calles, para acordar soluciones inmediatas a necesidades de esta colonia; durante este trayecto, en el jard\u00edn de esta colonia y en calles perif\u00e9ricas de la misma participaron la mayor\u00eda de las familias del lugar y el Presidente del Coit\u00e9 de Real de Minas, Gilberto Montoro, quien expres\u00f3, en esta reuni\u00f3n, que Felipe Cruz es el \u00fanico alcalde, en la historia de esta colonia, que le ha hecho obra p\u00fablica a la misma.<\/p>\n","protected":false},"excerpt":{"rendered":"<p>*En otras actividades, la tarde-noche del lunes, el edil villalvarense hizo un recorrido por la colonia Real de Minas El Presidente Municipal Felipe Cruz realiz\u00f3 una visita a la Escuela Secundaria 12 Estatal de Talentos, ubicada en la colonia Tabachines Norte, donde fue recibido por los directivos del plantel, quienes le informaron sobre el modelo&#8230;<\/p>\n","protected":false},"author":2,"featured_media":3756,"comment_status":"open","ping_status":"open","sticky":false,"template":"","format":"standard","meta":{"footnotes":""},"categories":[8,42],"tags":[29,30,28],"class_list":["post-3755","post","type-post","status-publish","format-standard","has-post-thumbnail","hentry","category-municipios","category-villa-de-alvarez","tag-grid","tag-news","tag-slider"],"_links":{"self":[{"href":"http:\/\/elobservatorio.com.mx\/index.php?rest_route=\/wp\/v2\/posts\/3755"}],"collection":[{"href":"http:\/\/elobservatorio.com.mx\/index.php?rest_route=\/wp\/v2\/posts"}],"about":[{"href":"http:\/\/elobservatorio.com.mx\/index.php?rest_route=\/wp\/v2\/types\/post"}],"author":[{"embeddable":true,"href":"http:\/\/elobservatorio.com.mx\/index.php?rest_route=\/wp\/v2\/users\/2"}],"replies":[{"embeddable":true,"href":"http:\/\/elobservatorio.com.mx\/index.php?rest_route=%2Fwp%2Fv2%2Fcomments&post=3755"}],"version-history":[{"count":0,"href":"http:\/\/elobservatorio.com.mx\/index.php?rest_route=\/wp\/v2\/posts\/3755\/revisions"}],"wp:featuredmedia":[{"embeddable":true,"href":"http:\/\/elobservatorio.com.mx\/index.php?rest_route=\/wp\/v2\/media\/3756"}],"wp:attachment":[{"href":"http:\/\/elobservatorio.com.mx\/index.php?rest_route=%2Fwp%2Fv2%2Fmedia&parent=3755"}],"wp:term":[{"taxonomy":"category","embeddable":true,"href":"http:\/\/elobservatorio.com.mx\/index.php?rest_route=%2Fwp%2Fv2%2Fcategories&post=3755"},{"taxonomy":"post_tag","embeddable":true,"href":"http:\/\/elobservatorio.com.mx\/index.php?rest_route=%2Fwp%2Fv2%2Ftags&post=3755"}],"curies":[{"name":"wp","href":"https:\/\/api.w.org\/{rel}","templated":true}]}}