{"id":3760,"date":"2019-04-03T01:34:51","date_gmt":"2019-04-03T01:34:51","guid":{"rendered":"http:\/\/elobservatorio.com.mx\/autoridades-de-salud-implementaran-campana-antitabaco-en-semana-santa-y-pascua"},"modified":"2019-04-03T01:37:27","modified_gmt":"2019-04-03T01:37:27","slug":"autoridades-de-salud-implementaran-campana-antitabaco-en-semana-santa-y-pascua","status":"publish","type":"post","link":"http:\/\/elobservatorio.com.mx\/?p=3760","title":{"rendered":"Autoridades de salud implementar\u00e1n campa\u00f1a antitabaco en Semana Santa y Pascua"},"content":{"rendered":"<p>En el marco de la Segunda Reuni\u00f3n Ordinaria del Comit\u00e9 Municipal de Salud que encabeza el Presidente Municipal El\u00edas Antonio Lozano Ochoa, estuvo acompa\u00f1ado del Jefe de la Jurisdicci\u00f3n Sanitaria II, entre los puntos del orden del d\u00eda, la bienvenida estuvo a cargo del alcalde El\u00edas Lozano, se dio lectura a la minuta anterior, se presentaron algunos acciones de descacharrizaci\u00f3n en colonias y comunidades y se acord\u00f3 de igual forma la aplicaci\u00f3n de vacunas; asimismo, se establecieron algunos compromisos en cuanto a la cloraci\u00f3n del agua y se acordaron acciones en torno a la semana de saneamiento b\u00e1sico por el pr\u00f3ximo periodo vacacional.<\/p>\n<p>Al hacer uso de la voz el Presidente Municipal dijo que estas reuniones son muy productivas para el municipio, toda vez que analizan la problem\u00e1tica de salud que se tienen en las comunidades y la forma en la cual se pueden prevenir ciertas enfermedades que pondr\u00edan en riesgo, el entorno familiar.<\/p>\n<p>Por su parte el Jefe de la Jurisdicci\u00f3n Sanitaria II Francisco Javier Orozco Medina, dijo que derivados de esta Segunda Reuni\u00f3n Ordinaria, se acord\u00f3 que en coordinaci\u00f3n con el Ayuntamiento de Tecom\u00e1n y Protecci\u00f3n Civil, se estar\u00e1 haciendo, adem\u00e1s, una campa\u00f1a antitabaco en las playas en esta pr\u00f3xima temporada vacacional.<\/p>\n<p>Estuvieron presentes el Secretario del H. Ayuntamiento Humberto Uribe Godinez, el Presidente de la Comisi\u00f3n de Salud en el cabildo Arturo Garc\u00eda Negrete, el regidor Santiago Ch\u00e1vez Ch\u00e1vez, la Directora del Instituto de la Mujer Margarita B\u00e9jar Vel\u00e1zquez, el Director de Prevenci\u00f3n del Delito Braulio Benjam\u00edn Valle Palomino, el Director Operativo de Seguridad P\u00fablica Ignacio Blanco, el Director de Protecci\u00f3n Civil Enrique Manuel Sep\u00falveda Rodr\u00edguez, el sub director de Servicios P\u00fablicos Antonio Hern\u00e1ndez, la M\u00e9dico Municipal Norma Guadalupe Bueno Monta\u00f1o, el sub director del Instituto del Deporte Ra\u00fal Palomino C\u00f3rdova La Directora del DIF Elva Argelia L\u00f3pez Z\u00fa\u00f1iga y el Director Operativo de la COMAPAT Juan Jos\u00e9 Rosales Barreto.<\/p>\n","protected":false},"excerpt":{"rendered":"<p>En el marco de la Segunda Reuni\u00f3n Ordinaria del Comit\u00e9 Municipal de Salud que encabeza el Presidente Municipal El\u00edas Antonio Lozano Ochoa, estuvo acompa\u00f1ado del Jefe de la Jurisdicci\u00f3n Sanitaria II, entre los puntos del orden del d\u00eda, la bienvenida estuvo a cargo del alcalde El\u00edas Lozano, se dio lectura a la minuta anterior, se&#8230;<\/p>\n","protected":false},"author":2,"featured_media":3761,"comment_status":"open","ping_status":"open","sticky":false,"template":"","format":"standard","meta":{"footnotes":""},"categories":[8,34],"tags":[29,30,28],"class_list":["post-3760","post","type-post","status-publish","format-standard","has-post-thumbnail","hentry","category-municipios","category-tecoman","tag-grid","tag-news","tag-slider"],"_links":{"self":[{"href":"http:\/\/elobservatorio.com.mx\/index.php?rest_route=\/wp\/v2\/posts\/3760"}],"collection":[{"href":"http:\/\/elobservatorio.com.mx\/index.php?rest_route=\/wp\/v2\/posts"}],"about":[{"href":"http:\/\/elobservatorio.com.mx\/index.php?rest_route=\/wp\/v2\/types\/post"}],"author":[{"embeddable":true,"href":"http:\/\/elobservatorio.com.mx\/index.php?rest_route=\/wp\/v2\/users\/2"}],"replies":[{"embeddable":true,"href":"http:\/\/elobservatorio.com.mx\/index.php?rest_route=%2Fwp%2Fv2%2Fcomments&post=3760"}],"version-history":[{"count":0,"href":"http:\/\/elobservatorio.com.mx\/index.php?rest_route=\/wp\/v2\/posts\/3760\/revisions"}],"wp:featuredmedia":[{"embeddable":true,"href":"http:\/\/elobservatorio.com.mx\/index.php?rest_route=\/wp\/v2\/media\/3761"}],"wp:attachment":[{"href":"http:\/\/elobservatorio.com.mx\/index.php?rest_route=%2Fwp%2Fv2%2Fmedia&parent=3760"}],"wp:term":[{"taxonomy":"category","embeddable":true,"href":"http:\/\/elobservatorio.com.mx\/index.php?rest_route=%2Fwp%2Fv2%2Fcategories&post=3760"},{"taxonomy":"post_tag","embeddable":true,"href":"http:\/\/elobservatorio.com.mx\/index.php?rest_route=%2Fwp%2Fv2%2Ftags&post=3760"}],"curies":[{"name":"wp","href":"https:\/\/api.w.org\/{rel}","templated":true}]}}