{"id":3775,"date":"2019-04-03T02:30:14","date_gmt":"2019-04-03T02:30:14","guid":{"rendered":"http:\/\/elobservatorio.com.mx\/arranca-iii-campana-de-donacion-de-libros"},"modified":"2019-04-03T02:30:14","modified_gmt":"2019-04-03T02:30:14","slug":"arranca-iii-campana-de-donacion-de-libros","status":"publish","type":"post","link":"http:\/\/elobservatorio.com.mx\/?p=3775","title":{"rendered":"Arranca III Campa\u00f1a de Donaci\u00f3n de Libros"},"content":{"rendered":"<p><em>La FEUC organiza estos eventos para promover la lectura y beneficiar a peque\u00f1os de casas hogares y albergues.<\/em><\/p>\n<p>Con la dramatizaci\u00f3n y lectura del libro \u201cLa peor se\u00f1ora del mundo\u201d, del escritor mexicano Francisco Hinojosa, fue como iniciaron las actividades programadas con motivo de \u201cLa fiesta de la lectura\u201d, tercera campa\u00f1a de donaci\u00f3n de libros que organiza la Federaci\u00f3n de Egresados de la Universidad de Colima (FEUC) en sinergia con la Direcci\u00f3n de Cultura, Educaci\u00f3n y Deporte de Colima, la Casa de la Cultura de Villa de \u00c1lvarez, Amigos de Ni\u00f1os de Colima A. C. y la Iniciativa Juvenil Colimense.<\/p>\n<p>El evento inici\u00f3 con la participaci\u00f3n del cuenta-cuentos El\u00edas Hern\u00e1ndez, quien narr\u00f3 la historia de \u201cLa peor se\u00f1ora del mundo\u201d en el Jard\u00edn \u201cTorres Quintero\u201d, logrando as\u00ed la participaci\u00f3n y simpat\u00eda de las familias presentes.<\/p>\n<p>Dentro de la programaci\u00f3n del d\u00eda, ni\u00f1os, ni\u00f1as y padres de familia tambi\u00e9n participaron en actividades de fomento a la lectura a cargo del equipo de Iniciativa Juvenil Colimense, quienes realizaron din\u00e1micas vinculadas con la imaginaci\u00f3n, la f\u00e1bula y el dibujo. La tarde culmin\u00f3 de manera exitosa con la donaci\u00f3n de libros por parte de varios peque\u00f1os que se acercaron al m\u00f3dulo de donaci\u00f3n itinerante para compartir los ejemplares.<\/p>\n<p>El siguiente punto fue el jard\u00edn de Guadalajarita, el 28 de marzo, donde se cont\u00f3 con la participaci\u00f3n del Ballet Folkl\u00f3rico Infantil y Juvenil del Ayuntamiento de Colima, as\u00ed como el teatro gui\u00f1ol de Amigos de Ni\u00f1os de Colima A.C. y la lectura de cuentos y actividades para los peques, por parte de Iniciativa Juvenil Colimense.<\/p>\n<p>Es importante mencionar que \u201cLa fiesta de la lectura\u201d tiene como objetivo principal fomentar y fortalecer el h\u00e1bito de la lectura, as\u00ed como entregar los libros reunidos a albergues y casas hogares, beneficiando as\u00ed a peque\u00f1os de cero a trece a\u00f1os de edad.<\/p>\n<p>Las siguientes sedes a visitar ser\u00e1n la Casa de la Cultura de La Villa, el jard\u00edn principal de la colonia Solidaridad, el jueves 4 de abril; la colonia Los Trabajadores, martes 9 de abril; colonia Palo Alto, jueves 11 de abril y el jard\u00edn principal de La Villa el s\u00e1bado 13 de abril, donde cerrar\u00e1 dicha fiesta con la presentaci\u00f3n de \u201cConcierto Disney\u201d (todas las actividades iniciar\u00e1n a las cinco de la tarde).<\/p>\n<p>Si el p\u00fablico no puede asistir a las actividades que se realizar\u00e1n en colonias, tambi\u00e9n puede hacer su donaci\u00f3n en las instalaciones de la FEUC, en Casa de la Cultura de La Villa o en la Direcci\u00f3n de Cultura, Educaci\u00f3n y Deporte de Colima, de lunes a viernes en horario de oficina. Requisito para donar: libros en buen estado y de temas infantiles.<\/p>\n","protected":false},"excerpt":{"rendered":"<p>La FEUC organiza estos eventos para promover la lectura y beneficiar a peque\u00f1os de casas hogares y albergues. Con la dramatizaci\u00f3n y lectura del libro \u201cLa peor se\u00f1ora del mundo\u201d, del escritor mexicano Francisco Hinojosa, fue como iniciaron las actividades programadas con motivo de \u201cLa fiesta de la lectura\u201d, tercera campa\u00f1a de donaci\u00f3n de libros&#8230;<\/p>\n","protected":false},"author":2,"featured_media":3776,"comment_status":"open","ping_status":"open","sticky":false,"template":"","format":"standard","meta":{"footnotes":""},"categories":[14],"tags":[29,30,28],"class_list":["post-3775","post","type-post","status-publish","format-standard","has-post-thumbnail","hentry","category-educacion-y-cultura","tag-grid","tag-news","tag-slider"],"_links":{"self":[{"href":"http:\/\/elobservatorio.com.mx\/index.php?rest_route=\/wp\/v2\/posts\/3775"}],"collection":[{"href":"http:\/\/elobservatorio.com.mx\/index.php?rest_route=\/wp\/v2\/posts"}],"about":[{"href":"http:\/\/elobservatorio.com.mx\/index.php?rest_route=\/wp\/v2\/types\/post"}],"author":[{"embeddable":true,"href":"http:\/\/elobservatorio.com.mx\/index.php?rest_route=\/wp\/v2\/users\/2"}],"replies":[{"embeddable":true,"href":"http:\/\/elobservatorio.com.mx\/index.php?rest_route=%2Fwp%2Fv2%2Fcomments&post=3775"}],"version-history":[{"count":0,"href":"http:\/\/elobservatorio.com.mx\/index.php?rest_route=\/wp\/v2\/posts\/3775\/revisions"}],"wp:featuredmedia":[{"embeddable":true,"href":"http:\/\/elobservatorio.com.mx\/index.php?rest_route=\/wp\/v2\/media\/3776"}],"wp:attachment":[{"href":"http:\/\/elobservatorio.com.mx\/index.php?rest_route=%2Fwp%2Fv2%2Fmedia&parent=3775"}],"wp:term":[{"taxonomy":"category","embeddable":true,"href":"http:\/\/elobservatorio.com.mx\/index.php?rest_route=%2Fwp%2Fv2%2Fcategories&post=3775"},{"taxonomy":"post_tag","embeddable":true,"href":"http:\/\/elobservatorio.com.mx\/index.php?rest_route=%2Fwp%2Fv2%2Ftags&post=3775"}],"curies":[{"name":"wp","href":"https:\/\/api.w.org\/{rel}","templated":true}]}}