{"id":3778,"date":"2019-04-05T05:37:38","date_gmt":"2019-04-05T05:37:38","guid":{"rendered":"http:\/\/elobservatorio.com.mx\/imparte-seder-charla-informativa-sobre-reglas-de-operacion-de-programas-federales"},"modified":"2019-04-05T05:37:38","modified_gmt":"2019-04-05T05:37:38","slug":"imparte-seder-charla-informativa-sobre-reglas-de-operacion-de-programas-federales","status":"publish","type":"post","link":"http:\/\/elobservatorio.com.mx\/?p=3778","title":{"rendered":"Imparte SEDER charla informativa sobre reglas de operaci\u00f3n de programas federales"},"content":{"rendered":"<p>Atendiendo el compromiso que tiene el Presidente Municipal El\u00edas Antonio Lozano Ochoa de acercar informaci\u00f3n relevante al sector productivo del municipio; a trav\u00e9s de la Jefatura de Desarrollo Rural que encabeza Jos\u00e9 Luis C\u00e1zarez Bravo se brind\u00f3 una charla informativa sobre las Reglas de Operaci\u00f3n de los Programas Federales a los agroproductores de la regi\u00f3n, la cual se llev\u00f3 a cabo este mi\u00e9rcoles, en la teleaula de la Presidencia Municipal.<\/p>\n<p>Al uso de la voz C\u00e1zares Bravo en representaci\u00f3n del alcalde, dio la bienvenida al m\u00e1s de medio centenar de productores que acudieron a la reuni\u00f3n y manifest\u00f3 el inter\u00e9s de El\u00edas Lozano por acercar toda la informaci\u00f3n pertinente para que sean muchos los tecomenses los que puedan acceder a los programas federales, pero sobre todo, quienes m\u00e1s lo requieren.<\/p>\n<p>Estuvieron presentes, adem\u00e1s, Director General de Fomento Econ\u00f3mico, Promoci\u00f3n Econ\u00f3mica, Desarrollo Rural y Turismo Rub\u00e9n Reyes Ram\u00edrez, el jefe de Promoci\u00f3n Econ\u00f3mica Jos\u00e9 de Jes\u00fas Figueroa Cuevas, el Presidente de la Comisi\u00f3n de Desarrollo Rural en el Cabildo Serapio de Casas Miramontes, Francisco Cabrera Due\u00f1as Jefe de Distrito de Desarrollo Rural de la SADER en Tecom\u00e1n y Aurelio Rodr\u00edguez Figueroa Jefe del Centro de Apoyo de Armer\u00eda, Ixtlahuac\u00e1n, Tecom\u00e1n y del municipio de Manzanillo en el CADER Santiago.<\/p>\n<p>Se dieron a conocer los diferentes programas de la SADER 2019 que se est\u00e1n aplicando en este momento, cuyas ventanillas ya est\u00e1n en activivad y por parte del Jefe de Distrito de Desarrollo Rural de la SADER Tecom\u00e1n Francisco Cabrera, abund\u00f3 que las reglas de operaci\u00f3n se modificaron en este a\u00f1o, \u201cen el 2018 se ten\u00edan 8 programas fundamentales y ahora son 15 programas, 47 componentes, 24 sub componentes y 202 incentivos o conceptos\u201d.<\/p>\n<p>Por su parte Aurelio Rodr\u00edguez dijo que a SADER le corresponde manejar cuatro programas prioritarios y Tecom\u00e1n no entra en muchos de los programas por el tipo de cultivo que manejan \u201clos programas prioritarios vienen para granos b\u00e1sicos; en el Programa Producci\u00f3n para el Bienestar ten\u00edamos un universo de 1 mil productores de todos los cultivos y este a\u00f1o se redujo a cuatro cultivos que es ma\u00edz, arroz, frijol y trigo panizable y sorgo, y algunos granos que tambi\u00e9n se ampl\u00eda ah\u00ed, se quitaron los perenes y lo m\u00e1ximo que se apoya es de 1 a 20 hect\u00e1reas, de 1 a 5 se les da 1 mil 600 pesos por hect\u00e1rea y de 5.1 a 20 se les dan 1 mil pesos por hect\u00e1rea\u201d.<\/p>\n<p>Refiri\u00f3 que por desgracia Tecom\u00e1n qued\u00f3 muy reducido de su poblaci\u00f3n objetivo \u201cel Programa Producci\u00f3n Para el Bienestar va amarrado con el segundo que es precios de garant\u00eda; va a haber precios de garant\u00eda para ma\u00edz, frijol, arroz y leche, aqu\u00ed en Tecom\u00e1n entra el arroz que es un cultivo que se siembra all\u00e1 para San Miguel, el cual va a entrar para que le paguen el precio de garant\u00eda que tiene diconsa\u201d<\/p>\n","protected":false},"excerpt":{"rendered":"<p>Atendiendo el compromiso que tiene el Presidente Municipal El\u00edas Antonio Lozano Ochoa de acercar informaci\u00f3n relevante al sector productivo del municipio; a trav\u00e9s de la Jefatura de Desarrollo Rural que encabeza Jos\u00e9 Luis C\u00e1zarez Bravo se brind\u00f3 una charla informativa sobre las Reglas de Operaci\u00f3n de los Programas Federales a los agroproductores de la regi\u00f3n,&#8230;<\/p>\n","protected":false},"author":2,"featured_media":3779,"comment_status":"open","ping_status":"open","sticky":false,"template":"","format":"standard","meta":{"footnotes":""},"categories":[8,34],"tags":[29,30,28],"class_list":["post-3778","post","type-post","status-publish","format-standard","has-post-thumbnail","hentry","category-municipios","category-tecoman","tag-grid","tag-news","tag-slider"],"_links":{"self":[{"href":"http:\/\/elobservatorio.com.mx\/index.php?rest_route=\/wp\/v2\/posts\/3778"}],"collection":[{"href":"http:\/\/elobservatorio.com.mx\/index.php?rest_route=\/wp\/v2\/posts"}],"about":[{"href":"http:\/\/elobservatorio.com.mx\/index.php?rest_route=\/wp\/v2\/types\/post"}],"author":[{"embeddable":true,"href":"http:\/\/elobservatorio.com.mx\/index.php?rest_route=\/wp\/v2\/users\/2"}],"replies":[{"embeddable":true,"href":"http:\/\/elobservatorio.com.mx\/index.php?rest_route=%2Fwp%2Fv2%2Fcomments&post=3778"}],"version-history":[{"count":0,"href":"http:\/\/elobservatorio.com.mx\/index.php?rest_route=\/wp\/v2\/posts\/3778\/revisions"}],"wp:featuredmedia":[{"embeddable":true,"href":"http:\/\/elobservatorio.com.mx\/index.php?rest_route=\/wp\/v2\/media\/3779"}],"wp:attachment":[{"href":"http:\/\/elobservatorio.com.mx\/index.php?rest_route=%2Fwp%2Fv2%2Fmedia&parent=3778"}],"wp:term":[{"taxonomy":"category","embeddable":true,"href":"http:\/\/elobservatorio.com.mx\/index.php?rest_route=%2Fwp%2Fv2%2Fcategories&post=3778"},{"taxonomy":"post_tag","embeddable":true,"href":"http:\/\/elobservatorio.com.mx\/index.php?rest_route=%2Fwp%2Fv2%2Ftags&post=3778"}],"curies":[{"name":"wp","href":"https:\/\/api.w.org\/{rel}","templated":true}]}}