{"id":3814,"date":"2019-04-05T19:00:13","date_gmt":"2019-04-05T19:00:13","guid":{"rendered":"http:\/\/elobservatorio.com.mx\/banda-lyrean-dio-concierto-en-la-udec"},"modified":"2019-04-05T19:00:13","modified_gmt":"2019-04-05T19:00:13","slug":"banda-lyrean-dio-concierto-en-la-udec","status":"publish","type":"post","link":"http:\/\/elobservatorio.com.mx\/?p=3814","title":{"rendered":"Banda Lyrean dio concierto en la UdeC"},"content":{"rendered":"<p><em>*Present\u00f3 una fusi\u00f3n del post-rock, krautrack y artrock que dej\u00f3 traslucir su marca personal, pues innovar es parte del mensaje que difunde esta agrupaci\u00f3n a trav\u00e9s de letras.<\/em><\/p>\n<p>Despu\u00e9s de un a\u00f1o y m\u00e1s fuerte que nunca, la banda colimense Lyrean, integrada por Carlos Guti\u00e9rrez y los hermanos Orlando y Juan Pablo Palacios ofreci\u00f3 un concierto en el Foro Universitario \u201cPablo Silva Garc\u00eda\u201d hace algunos d\u00edas.<\/p>\n<p>La propuesta de la noche consisti\u00f3 en una fusi\u00f3n del post-rock, krautrack y artrock que dej\u00f3 traslucir su marca personal, pues innovar es parte del mensaje que difunde esta agrupaci\u00f3n a trav\u00e9s de letras que buscan proyectar cr\u00edticas sobre hechos de la vida real y el comportamiento social.<\/p>\n<p>Durante la noche, los integrantes de Lyrean platicaron con su audiencia sobre los motivos que los inspiran para la creaci\u00f3n de sus obras, sus tem\u00e1ticas y la inclusi\u00f3n de nuevos instrumentos musicales.<\/p>\n<p>La historia para este grupo de rock inici en 2013 como un proyecto experimental que, con el tiempo, se transform\u00f3 en Lyrean, banda que se hace escuchar con \u00e9xito en varios escenarios colimenses, sobre todo despu\u00e9s de su primer \u00e1lbum discogr\u00e1fico \u201cManto estelar\u201d, donde recogen creaciones propias en diversos idiomas como espa\u00f1ol, ingl\u00e9s y franc\u00e9s.<\/p>\n<p>La banda acaba de estrenar su primer video musical que acompa\u00f1a a este \u00e1lbum debut, el cual ya se encuentra en redes sociales y fue producido por la empresa colimense Acrom\u00e1tica Estudio Creativo.<\/p>\n<p>En entrevista Orlando Palacios, integrante de Lyrean, habl\u00f3 sobre el proceso de grabaci\u00f3n: \u201cFuimos a las zonas forestales de Colima, especialmente a las localidades de La Mar\u00eda y La Yerbabuena, que pudi\u00e9ramos utilizar de escenario para captar bien el mensaje del video\u201d, dijo.<\/p>\n<p>Para todos sus seguidores, Orlando Palacios coment\u00f3 que las canciones de Lyrean ya se pueden escuchar en plataformas como Google Play, Amazon, Itunes, Playstore y Spotify.<\/p>\n<p>En cuanto al futuro de esta agrupaci\u00f3n, se mostr\u00f3 emocionado al hablar sobre el segundo \u00e1lbum, que actualmente preparan como equipo, y en el cual hablar\u00e1n sobre las especies en peligro de extinci\u00f3n y del cual expres\u00f3: \u201cEstamos creando temas que mueven conciencias con nuestro estilo, inclinado al rock experimental\u201d, precis\u00f3.<\/p>\n<p>Para finalizar, se le pregunt\u00f3 sobre qu\u00e9 consejos dar\u00eda a las bandas o agrupaciones que reci\u00e9n comienzan a caminar sobre el mundo musical, y el baterista contest\u00f3: \u201cLo fundamental es tener bien cimentados el concepto y las ideas que se quieren plasmar en la m\u00fasica; recomiendo que definan un concepto y trabajen sobre eso hasta que su idea crezca y, obviamente, hay que ser constantes, dedicados y tener cohesi\u00f3n entre los integrantes del grupo\u201d, afirm\u00f3.<\/p>\n<p>El concierto que protagoniz\u00f3 Lyrean form\u00f3 parte del Programa \u201cCulturas Juveniles (Palomazo)\u201d de la Direcci\u00f3n General de Difusi\u00f3n Cultural de la UdeC, el cual convoca a las agrupaciones de alumnos universitarios para que se presenten en los diferentes recintos de esta casa de estudios y muestren sus propuestas musicales y talento sobre el escenario.<\/p>\n","protected":false},"excerpt":{"rendered":"<p>*Present\u00f3 una fusi\u00f3n del post-rock, krautrack y artrock que dej\u00f3 traslucir su marca personal, pues innovar es parte del mensaje que difunde esta agrupaci\u00f3n a trav\u00e9s de letras. Despu\u00e9s de un a\u00f1o y m\u00e1s fuerte que nunca, la banda colimense Lyrean, integrada por Carlos Guti\u00e9rrez y los hermanos Orlando y Juan Pablo Palacios ofreci\u00f3 un&#8230;<\/p>\n","protected":false},"author":2,"featured_media":3815,"comment_status":"open","ping_status":"open","sticky":false,"template":"","format":"standard","meta":{"footnotes":""},"categories":[14,32],"tags":[29,30,28],"class_list":["post-3814","post","type-post","status-publish","format-standard","has-post-thumbnail","hentry","category-educacion-y-cultura","category-escenario","tag-grid","tag-news","tag-slider"],"_links":{"self":[{"href":"http:\/\/elobservatorio.com.mx\/index.php?rest_route=\/wp\/v2\/posts\/3814"}],"collection":[{"href":"http:\/\/elobservatorio.com.mx\/index.php?rest_route=\/wp\/v2\/posts"}],"about":[{"href":"http:\/\/elobservatorio.com.mx\/index.php?rest_route=\/wp\/v2\/types\/post"}],"author":[{"embeddable":true,"href":"http:\/\/elobservatorio.com.mx\/index.php?rest_route=\/wp\/v2\/users\/2"}],"replies":[{"embeddable":true,"href":"http:\/\/elobservatorio.com.mx\/index.php?rest_route=%2Fwp%2Fv2%2Fcomments&post=3814"}],"version-history":[{"count":0,"href":"http:\/\/elobservatorio.com.mx\/index.php?rest_route=\/wp\/v2\/posts\/3814\/revisions"}],"wp:featuredmedia":[{"embeddable":true,"href":"http:\/\/elobservatorio.com.mx\/index.php?rest_route=\/wp\/v2\/media\/3815"}],"wp:attachment":[{"href":"http:\/\/elobservatorio.com.mx\/index.php?rest_route=%2Fwp%2Fv2%2Fmedia&parent=3814"}],"wp:term":[{"taxonomy":"category","embeddable":true,"href":"http:\/\/elobservatorio.com.mx\/index.php?rest_route=%2Fwp%2Fv2%2Fcategories&post=3814"},{"taxonomy":"post_tag","embeddable":true,"href":"http:\/\/elobservatorio.com.mx\/index.php?rest_route=%2Fwp%2Fv2%2Ftags&post=3814"}],"curies":[{"name":"wp","href":"https:\/\/api.w.org\/{rel}","templated":true}]}}