{"id":3977,"date":"2019-04-10T03:42:49","date_gmt":"2019-04-10T03:42:49","guid":{"rendered":"http:\/\/elobservatorio.com.mx\/contribuye-cedefu-a-la-salud-bucal"},"modified":"2019-04-10T03:42:49","modified_gmt":"2019-04-10T03:42:49","slug":"contribuye-cedefu-a-la-salud-bucal","status":"publish","type":"post","link":"http:\/\/elobservatorio.com.mx\/?p=3977","title":{"rendered":"Contribuye CEDEFU a la salud bucal"},"content":{"rendered":"<p><em>*<\/em><em>Esta actividad benefici\u00f3 a 811 estudiantes del Bachillerato 30 de la UdeC.<\/em><\/p>\n<p>El Centro de Desarrollo de la Familia Universitaria (CEDEFU), que dirige Alicia L\u00f3pez de Hern\u00e1ndez, coordin\u00f3 diversas actividades en el marco de la Primera Semana Nacional de Salud Bucal 2019, con el objetivo de fomentar el cuidado bucal y la detecci\u00f3n oportuna de caries.<\/p>\n<p>As\u00ed, los estudiantes recibieron charlas de sensibilizaci\u00f3n sobre la importancia de la salud bucal como parte integral del autocuidado, y cada uno pas\u00f3 a una revisi\u00f3n preventiva a cargo de la experta Libia Villegas F\u00e9lix. Esta actividad benefici\u00f3 a 811 estudiantes del Bachillerato 30 de la UdeC.<\/p>\n<p>Por otra parte, estudiantes de las facultades de Trabajo Social y de Telem\u00e1tica de la Universidad de Colima recibieron pl\u00e1ticas informativas sobre t\u00e9cnicas de cepillado y los principales motivos para acudir a una consulta dental.<\/p>\n<p>Con estas acciones, el Programa Institucional de Calidad de Vida promueve el autocuidado y fortalece la cultura de la salud en la comunidad universitaria<\/p>\n","protected":false},"excerpt":{"rendered":"<p>*Esta actividad benefici\u00f3 a 811 estudiantes del Bachillerato 30 de la UdeC. El Centro de Desarrollo de la Familia Universitaria (CEDEFU), que dirige Alicia L\u00f3pez de Hern\u00e1ndez, coordin\u00f3 diversas actividades en el marco de la Primera Semana Nacional de Salud Bucal 2019, con el objetivo de fomentar el cuidado bucal y la detecci\u00f3n oportuna de&#8230;<\/p>\n","protected":false},"author":2,"featured_media":3978,"comment_status":"open","ping_status":"open","sticky":false,"template":"","format":"standard","meta":{"footnotes":""},"categories":[14],"tags":[29,30,28],"class_list":["post-3977","post","type-post","status-publish","format-standard","has-post-thumbnail","hentry","category-educacion-y-cultura","tag-grid","tag-news","tag-slider"],"_links":{"self":[{"href":"http:\/\/elobservatorio.com.mx\/index.php?rest_route=\/wp\/v2\/posts\/3977"}],"collection":[{"href":"http:\/\/elobservatorio.com.mx\/index.php?rest_route=\/wp\/v2\/posts"}],"about":[{"href":"http:\/\/elobservatorio.com.mx\/index.php?rest_route=\/wp\/v2\/types\/post"}],"author":[{"embeddable":true,"href":"http:\/\/elobservatorio.com.mx\/index.php?rest_route=\/wp\/v2\/users\/2"}],"replies":[{"embeddable":true,"href":"http:\/\/elobservatorio.com.mx\/index.php?rest_route=%2Fwp%2Fv2%2Fcomments&post=3977"}],"version-history":[{"count":0,"href":"http:\/\/elobservatorio.com.mx\/index.php?rest_route=\/wp\/v2\/posts\/3977\/revisions"}],"wp:featuredmedia":[{"embeddable":true,"href":"http:\/\/elobservatorio.com.mx\/index.php?rest_route=\/wp\/v2\/media\/3978"}],"wp:attachment":[{"href":"http:\/\/elobservatorio.com.mx\/index.php?rest_route=%2Fwp%2Fv2%2Fmedia&parent=3977"}],"wp:term":[{"taxonomy":"category","embeddable":true,"href":"http:\/\/elobservatorio.com.mx\/index.php?rest_route=%2Fwp%2Fv2%2Fcategories&post=3977"},{"taxonomy":"post_tag","embeddable":true,"href":"http:\/\/elobservatorio.com.mx\/index.php?rest_route=%2Fwp%2Fv2%2Ftags&post=3977"}],"curies":[{"name":"wp","href":"https:\/\/api.w.org\/{rel}","templated":true}]}}