{"id":3984,"date":"2019-04-10T04:29:01","date_gmt":"2019-04-10T04:29:01","guid":{"rendered":"http:\/\/elobservatorio.com.mx\/voluntariado-del-pri-recibe-del-dif-estatal-llaves-del-cedeco-del-mirador-de-la-cumbre-iii"},"modified":"2019-04-10T04:29:01","modified_gmt":"2019-04-10T04:29:01","slug":"voluntariado-del-pri-recibe-del-dif-estatal-llaves-del-cedeco-del-mirador-de-la-cumbre-iii","status":"publish","type":"post","link":"http:\/\/elobservatorio.com.mx\/?p=3984","title":{"rendered":"Voluntariado del PRI recibe del DIF Estatal llaves del Cedeco del Mirador de la Cumbre III"},"content":{"rendered":"<p class=\"x_MsoNormal\" style=\"text-align: left;\" align=\"center\"><em><span lang=\"ES\">*En este Centro se brinda a la poblaci\u00f3n un espacio de desarrollo comunitario, a trav\u00e9s de cursos, educaci\u00f3n para adultos, entre otros.\u00a0<\/span><\/em><\/p>\n<p class=\"x_MsoNormal\" style=\"text-align: left;\" align=\"center\"><b><span lang=\"ES\">Colima, Col., 09 de abril de 2019.- \u00a0<\/span><\/b><span lang=\"ES\">La Presidenta del Patronato DIF y Voluntariado Estatal, Margarita Moreno, hizo entrega de las llaves del Centro de Desarrollo Comunitario (CEDECO) Mirador de la cumbre 3, a Ver\u00f3nica Quintero de Rojas, Presidenta del voluntariado del PRI.<\/span><\/p>\n<p class=\"x_MsoNormal\"><span lang=\"ES\">\u00a0<\/span><span lang=\"ES\">Este Centro tiene como objetivo brindar a la poblaci\u00f3n un espacio de desarrollo personal y comunitario, a trav\u00e9s de\u00a0 cursos de manualidades, cocina, clases de educaci\u00f3n para adultos, entre otros.<\/span><\/p>\n<p class=\"x_MsoNormal\"><span lang=\"ES\">\u00a0<\/span><span lang=\"ES\">Al hacer uso de la voz, Ver\u00f3nica Quintero agradeci\u00f3 la oportunidad de poder sumarse a los esfuerzos y actividades que el DIF estatal, d\u00eda con d\u00eda lleva a cabo para apoyar el desarrollo integral de las familias colimenses.<\/span><\/p>\n<p class=\"x_MsoNormal\"><span lang=\"ES\">\u00a0<\/span><span lang=\"ES\">Se\u00f1al\u00f3 que el Voluntariado del PRI estatal har\u00e1 todo lo que sea necesario para seguir apoyando y servir a las familias colimenses con alegr\u00eda, entusiasmo y pasi\u00f3n en este Cedeco.<\/span><\/p>\n<p class=\"x_MsoNormal\"><span lang=\"ES\">\u00a0<\/span><span lang=\"ES\">Por su parte la Presidenta del DIF y Voluntariado Estatal, Margarita Moreno Gonz\u00e1lez record\u00f3 que el DIF cuenta con 27 Cedecos en el estado donde se imparten diferentes tipos de cursos que impulsan el desarrollo de las familias en las colonias y comunidades donde laboran.<\/span><\/p>\n","protected":false},"excerpt":{"rendered":"<p>*En este Centro se brinda a la poblaci\u00f3n un espacio de desarrollo comunitario, a trav\u00e9s de cursos, educaci\u00f3n para adultos, entre otros.\u00a0 Colima, Col., 09 de abril de 2019.- \u00a0La Presidenta del Patronato DIF y Voluntariado Estatal, Margarita Moreno, hizo entrega de las llaves del Centro de Desarrollo Comunitario (CEDECO) Mirador de la cumbre 3,&#8230;<\/p>\n","protected":false},"author":2,"featured_media":3985,"comment_status":"open","ping_status":"open","sticky":false,"template":"","format":"standard","meta":{"footnotes":""},"categories":[10],"tags":[29,30,28],"class_list":["post-3984","post","type-post","status-publish","format-standard","has-post-thumbnail","hentry","category-politica","tag-grid","tag-news","tag-slider"],"_links":{"self":[{"href":"http:\/\/elobservatorio.com.mx\/index.php?rest_route=\/wp\/v2\/posts\/3984"}],"collection":[{"href":"http:\/\/elobservatorio.com.mx\/index.php?rest_route=\/wp\/v2\/posts"}],"about":[{"href":"http:\/\/elobservatorio.com.mx\/index.php?rest_route=\/wp\/v2\/types\/post"}],"author":[{"embeddable":true,"href":"http:\/\/elobservatorio.com.mx\/index.php?rest_route=\/wp\/v2\/users\/2"}],"replies":[{"embeddable":true,"href":"http:\/\/elobservatorio.com.mx\/index.php?rest_route=%2Fwp%2Fv2%2Fcomments&post=3984"}],"version-history":[{"count":0,"href":"http:\/\/elobservatorio.com.mx\/index.php?rest_route=\/wp\/v2\/posts\/3984\/revisions"}],"wp:featuredmedia":[{"embeddable":true,"href":"http:\/\/elobservatorio.com.mx\/index.php?rest_route=\/wp\/v2\/media\/3985"}],"wp:attachment":[{"href":"http:\/\/elobservatorio.com.mx\/index.php?rest_route=%2Fwp%2Fv2%2Fmedia&parent=3984"}],"wp:term":[{"taxonomy":"category","embeddable":true,"href":"http:\/\/elobservatorio.com.mx\/index.php?rest_route=%2Fwp%2Fv2%2Fcategories&post=3984"},{"taxonomy":"post_tag","embeddable":true,"href":"http:\/\/elobservatorio.com.mx\/index.php?rest_route=%2Fwp%2Fv2%2Ftags&post=3984"}],"curies":[{"name":"wp","href":"https:\/\/api.w.org\/{rel}","templated":true}]}}