{"id":3987,"date":"2019-04-10T04:33:41","date_gmt":"2019-04-10T04:33:41","guid":{"rendered":"http:\/\/elobservatorio.com.mx\/con-ciudadanos-impulsaremos-negocios-y-empleos-felipe-cruz"},"modified":"2019-04-10T05:10:15","modified_gmt":"2019-04-10T05:10:15","slug":"con-ciudadanos-impulsaremos-negocios-y-empleos-felipe-cruz","status":"publish","type":"post","link":"http:\/\/elobservatorio.com.mx\/?p=3987","title":{"rendered":"Con ciudadanos, impulsaremos negocios y empleos: Felipe Cruz"},"content":{"rendered":"<p><em>*\u201cLlevamos registrados m\u00e1s de 400 emprendedores, en padr\u00f3n de Desarrollo Econ\u00f3mico Municipal\u201d <\/em><\/p>\n<p>El Presidente Municipal Felipe Cruz inform\u00f3 que su administraci\u00f3n est\u00e1 coordin\u00e1ndose con ciudadanos, principalmente con j\u00f3venes, para impulsar negocios y generar empleos.<\/p>\n<p>Lo anterior, luego de que recibi\u00f3 en su oficina a j\u00f3venes de la organizaci\u00f3n Iniciativa Juvenil Colimense, A. C., dirigida por Andrea Susana P\u00e9rez Garc\u00eda y Pablo Acosta, quienes le presentaron el proyecto REACCI\u00d3N EMPRENDEDORA, con el objetivo de impulsar a emprendedores juveniles con edad de 18 a 29 a\u00f1os.<\/p>\n<p>En este sentido, Cruz Calvario inform\u00f3 que, mediante la Direcci\u00f3n de Desarrollo Econ\u00f3mico, que conduce Rodrigo Ju\u00e1rez, a la fecha se tiene un padr\u00f3n superior a 400 personas que buscan asesor\u00eda, orientaci\u00f3n y gesti\u00f3n para crear su negocio y\/o mejorar los que ya tienen en marcha.<\/p>\n<p>Si trabajamos a favor de la econom\u00eda, se generan empleos y, para bien, tambi\u00e9n aportamos a prevenir la inseguridad y los delitos que \u00e9sta provoca, inform\u00f3 el alcalde villalvarense.<\/p>\n<p>&nbsp;<\/p>\n","protected":false},"excerpt":{"rendered":"<p>*\u201cLlevamos registrados m\u00e1s de 400 emprendedores, en padr\u00f3n de Desarrollo Econ\u00f3mico Municipal\u201d El Presidente Municipal Felipe Cruz inform\u00f3 que su administraci\u00f3n est\u00e1 coordin\u00e1ndose con ciudadanos, principalmente con j\u00f3venes, para impulsar negocios y generar empleos. Lo anterior, luego de que recibi\u00f3 en su oficina a j\u00f3venes de la organizaci\u00f3n Iniciativa Juvenil Colimense, A. C., dirigida por&#8230;<\/p>\n","protected":false},"author":2,"featured_media":3988,"comment_status":"open","ping_status":"open","sticky":false,"template":"","format":"standard","meta":{"footnotes":""},"categories":[8,42],"tags":[29,30,28],"class_list":["post-3987","post","type-post","status-publish","format-standard","has-post-thumbnail","hentry","category-municipios","category-villa-de-alvarez","tag-grid","tag-news","tag-slider"],"_links":{"self":[{"href":"http:\/\/elobservatorio.com.mx\/index.php?rest_route=\/wp\/v2\/posts\/3987"}],"collection":[{"href":"http:\/\/elobservatorio.com.mx\/index.php?rest_route=\/wp\/v2\/posts"}],"about":[{"href":"http:\/\/elobservatorio.com.mx\/index.php?rest_route=\/wp\/v2\/types\/post"}],"author":[{"embeddable":true,"href":"http:\/\/elobservatorio.com.mx\/index.php?rest_route=\/wp\/v2\/users\/2"}],"replies":[{"embeddable":true,"href":"http:\/\/elobservatorio.com.mx\/index.php?rest_route=%2Fwp%2Fv2%2Fcomments&post=3987"}],"version-history":[{"count":0,"href":"http:\/\/elobservatorio.com.mx\/index.php?rest_route=\/wp\/v2\/posts\/3987\/revisions"}],"wp:featuredmedia":[{"embeddable":true,"href":"http:\/\/elobservatorio.com.mx\/index.php?rest_route=\/wp\/v2\/media\/3988"}],"wp:attachment":[{"href":"http:\/\/elobservatorio.com.mx\/index.php?rest_route=%2Fwp%2Fv2%2Fmedia&parent=3987"}],"wp:term":[{"taxonomy":"category","embeddable":true,"href":"http:\/\/elobservatorio.com.mx\/index.php?rest_route=%2Fwp%2Fv2%2Fcategories&post=3987"},{"taxonomy":"post_tag","embeddable":true,"href":"http:\/\/elobservatorio.com.mx\/index.php?rest_route=%2Fwp%2Fv2%2Ftags&post=3987"}],"curies":[{"name":"wp","href":"https:\/\/api.w.org\/{rel}","templated":true}]}}