{"id":4014,"date":"2019-04-11T01:59:01","date_gmt":"2019-04-11T01:59:01","guid":{"rendered":"http:\/\/elobservatorio.com.mx\/autoridades-municipales-y-estatales-se-coordinan-para-el-periodo-de-semana-santa-y-pascua"},"modified":"2019-04-11T01:59:01","modified_gmt":"2019-04-11T01:59:01","slug":"autoridades-municipales-y-estatales-se-coordinan-para-el-periodo-de-semana-santa-y-pascua","status":"publish","type":"post","link":"http:\/\/elobservatorio.com.mx\/?p=4014","title":{"rendered":"Autoridades municipales y estatales se coordinan para el periodo de Semana Santa y Pascua"},"content":{"rendered":"<p>En el marco de la presentaci\u00f3n del Plan Operativo Vacacional de Semana Santa y Pascua el Presidente Municipal El\u00edas Antonio Lozano Ochoa, acompa\u00f1ado del Director de la Unidad Municipal de Protecci\u00f3n Civil Enrique Manuel Sep\u00falveda Rodr\u00edguez, asegur\u00f3 que el H. Ayuntamiento de Tecom\u00e1n est\u00e1 obligado a generar las condiciones necesarias para garantizar la seguridad de quienes visitan el municipio, con motivo del ya pr\u00f3ximo periodo vacacional, por ello, dijo,<\/p>\n<p>\u201cse tiene considerada la implementaci\u00f3n de un operativo coordinado con las diversas instancias federales, estatales y municipales y poder generar un clima de paz, armon\u00eda, tranquilidad, orden y limpieza; con la finalidad es que al t\u00e9rmino del periodo, podamos tener saldo blanco\u201d.<\/p>\n<p>Por su parte el titular de la UMPC destac\u00f3 que Tecom\u00e1n es un municipio que se caracteriza por la hospitalidad de su gente, por lo que la conjugaci\u00f3n de esfuerzos de todas las dependencias y el trabajo coordinado de las autoridades, ser\u00e1 fundamental para el buen desarrollo de este plan operativo.<\/p>\n<p>Dentro de las estrategias que se estar\u00e1n aplicando, dijo que se establecer\u00e1 un centro de comando (CECOM) \u201cque contar\u00e1 con bases radiales, una en las instalaciones de la unidad de PC, y otras en puntos estrat\u00e9gicos enPascuales, El Real y Boca de Apiza; se les identificar\u00e1 como: PC Tecom\u00e1n y base puesto de auxilio respectivamente, as\u00ed como equipos, port\u00e1tiles para cada elemento, teniendo una cobertura en todo el municipio\u201d.<\/p>\n<p>Asimismo Sep\u00falveda Rodr\u00edguez destac\u00f3 que se instalar\u00e1n 5 m\u00f3dulos distribuidos en Pascuales, El Real, Tecuanillo, El Chupadero y Boca de Apiza \u201cah\u00ed se atender\u00e1n de manera inmediata cualquier emergencia que se suscite, as\u00ed como tambi\u00e9n se estar\u00e1 brindando asesor\u00eda e informaci\u00f3n tur\u00edstica y de seguridad a los visitantes; con un horario de operaci\u00f3n De 9:00 A 19:00 hrs., con personal responsable de playa, capacitado en atenci\u00f3n a emergencias\u201d.<\/p>\n<p>Agreg\u00f3 que en estos m\u00f3dulos se tiene previsto un peque\u00f1o consultorio con material de curaci\u00f3n diverso, equipo de radiocomunicaci\u00f3n y folleter\u00eda con informaci\u00f3n de medidas preventivas y datos tur\u00edsticos; as\u00ed como equipo de rescate en todas sus modalidades y combate contra incendios \u201caunado a ello, se tiene contemplada la instalaci\u00f3n de un m\u00f3dulo unificado de 24 horas, entre El Real \/ Pascuales; los d\u00edas santos que son los de mayor afluencia\u201d.<\/p>\n<p>Sep\u00falveda Rodr\u00edguez abund\u00f3 que se cuenta ya con una plantilla fija de 4 guardavidas de Gobierno del Estado y otra de aproximadamente 30 guardavidas eventuales, contratados por UMPC para reforzar la plantilla existente; los cuales han sido instruidos para aplicar un sistema preventivo, llamando la atenci\u00f3n a quienes se encuentran susceptibles o en \u00e1reas vulnerables; que puedan rescatar a quienes necesiten ayuda dentro de las aguas marinas adem\u00e1s de que participar\u00e1n en la atenci\u00f3n de lesiones y\/o accidentes\u201d.<\/p>\n<p>El titular de la UMPC tambi\u00e9n destac\u00f3 que estar\u00e1n pendientes de todos los balnearios con que cuenta el municipio, en donde se realizar\u00e1n recorridos constantes \u201ctambi\u00e9n se colocar\u00e1n cartelones y Lonas y se entregar\u00e1n d\u00edpticos con medidas de seguridad a seguir en las playas\u201d.<\/p>\n<p>Mencion\u00f3 que por parte de PC Tecom\u00e1n se contar\u00e1 con una cuatrimoto, seis elementos y ocho eventuales, adem\u00e1s de equipo de radiocomunicaci\u00f3n \u201capoy\u00e1ndonos con los comisarios de cada playa para emitir el reporte a centro de comando, o puesto m\u00e1s pr\u00f3ximo para su atenci\u00f3n inmediata\u201d.<\/p>\n<p>Habr\u00e1, dijo 3 tres puestos de auxilio en la zona de costa: Pascuales Malec\u00f3n y El Real, dos puestos m\u00e1s de auxilio en la carretera a Cerro de Ortega; 3 unidades m\u00f3viles que estar\u00e1n recorriendo Pascuales, El Real, Tecuanillo, Boca de Apiza y el Chupadero.<\/p>\n<p>Dijo tambi\u00e9n que tendr\u00e1n disponibles equipo de rescate vehicular, equipo de atenci\u00f3n prehospitalario y equipo para rescates acu\u00e1ticos \u201csolo nos resta recomendarles a nuestros ciudadanos que van a salir de vacaciones que planeen adecuadamente su viaje; que piensen en los lugares donde realizar\u00e1n su escala t\u00e9cnica para alimentaci\u00f3n y abastecimiento de combustible, que consulten el mapa de carreteras y que antes de salir de viaje, revisen las condiciones f\u00edsicas de su autom\u00f3vil como son las llantas, luces, frenos, motor, limpia parabrisas; as\u00ed como utilizar el cintur\u00f3n de seguridad de todos los ocupantes del veh\u00edculo\u201d.<\/p>\n<p>Por parte de Protecci\u00f3n Civil estatal Jos\u00e9 Guadalupe Torres encargado de radio comunicaci\u00f3n en representaci\u00f3n Ricardo Urz\u00faa Moctezuma, asegur\u00f3 que el municipio de Tecom\u00e1n tendr\u00e1 todo su apoyo y que se contar\u00e1 con un veh\u00edculo 4&#215;4, elementos operativos y material de difusi\u00f3n.<\/p>\n<p>Por parte de Cruz Roja el t\u00e9cnico en urgencias m\u00e9dicas Eduardo Ackmed Vargas Nieto, coment\u00f3 que los d\u00edas santos y fines de semana, estar\u00e1n distribuidas ambulancias en puntos estrat\u00e9gicos del municipio, con la finalidad de ofrecer una mejor atenci\u00f3n y ambiente seguro a los ba\u00f1istas y visitantes.<\/p>\n<p>Bomberos por su parte, se\u00f1al\u00f3 que est\u00e1n tambi\u00e9n preparados para apoyar en todo lo que est\u00e9 de su parte en cualquier emergencias que se presente.<\/p>\n","protected":false},"excerpt":{"rendered":"<p>En el marco de la presentaci\u00f3n del Plan Operativo Vacacional de Semana Santa y Pascua el Presidente Municipal El\u00edas Antonio Lozano Ochoa, acompa\u00f1ado del Director de la Unidad Municipal de Protecci\u00f3n Civil Enrique Manuel Sep\u00falveda Rodr\u00edguez, asegur\u00f3 que el H. Ayuntamiento de Tecom\u00e1n est\u00e1 obligado a generar las condiciones necesarias para garantizar la seguridad de&#8230;<\/p>\n","protected":false},"author":2,"featured_media":4015,"comment_status":"open","ping_status":"open","sticky":false,"template":"","format":"standard","meta":{"footnotes":""},"categories":[8,34],"tags":[29,30,28],"class_list":["post-4014","post","type-post","status-publish","format-standard","has-post-thumbnail","hentry","category-municipios","category-tecoman","tag-grid","tag-news","tag-slider"],"_links":{"self":[{"href":"http:\/\/elobservatorio.com.mx\/index.php?rest_route=\/wp\/v2\/posts\/4014"}],"collection":[{"href":"http:\/\/elobservatorio.com.mx\/index.php?rest_route=\/wp\/v2\/posts"}],"about":[{"href":"http:\/\/elobservatorio.com.mx\/index.php?rest_route=\/wp\/v2\/types\/post"}],"author":[{"embeddable":true,"href":"http:\/\/elobservatorio.com.mx\/index.php?rest_route=\/wp\/v2\/users\/2"}],"replies":[{"embeddable":true,"href":"http:\/\/elobservatorio.com.mx\/index.php?rest_route=%2Fwp%2Fv2%2Fcomments&post=4014"}],"version-history":[{"count":0,"href":"http:\/\/elobservatorio.com.mx\/index.php?rest_route=\/wp\/v2\/posts\/4014\/revisions"}],"wp:featuredmedia":[{"embeddable":true,"href":"http:\/\/elobservatorio.com.mx\/index.php?rest_route=\/wp\/v2\/media\/4015"}],"wp:attachment":[{"href":"http:\/\/elobservatorio.com.mx\/index.php?rest_route=%2Fwp%2Fv2%2Fmedia&parent=4014"}],"wp:term":[{"taxonomy":"category","embeddable":true,"href":"http:\/\/elobservatorio.com.mx\/index.php?rest_route=%2Fwp%2Fv2%2Fcategories&post=4014"},{"taxonomy":"post_tag","embeddable":true,"href":"http:\/\/elobservatorio.com.mx\/index.php?rest_route=%2Fwp%2Fv2%2Ftags&post=4014"}],"curies":[{"name":"wp","href":"https:\/\/api.w.org\/{rel}","templated":true}]}}