{"id":4017,"date":"2019-04-11T02:15:14","date_gmt":"2019-04-11T02:15:14","guid":{"rendered":"http:\/\/elobservatorio.com.mx\/arranca-en-comala-operativo-de-semana-santa-2019"},"modified":"2019-04-11T02:15:14","modified_gmt":"2019-04-11T02:15:14","slug":"arranca-en-comala-operativo-de-semana-santa-2019","status":"publish","type":"post","link":"http:\/\/elobservatorio.com.mx\/?p=4017","title":{"rendered":"Arranca en Comala Operativo de Semana Santa 2019"},"content":{"rendered":"<p>Con la presencia del Presidente Municipal, Donaldo Z\u00fa\u00f1iga; as\u00ed como del Director de Seguridad P\u00fablica y Vialidad, Javier Montes Garc\u00eda, este mi\u00e9rcoles arranc\u00f3 el Operativo de Semana Santa 2019<\/p>\n<p>Al banderazo de inicio asistieron unidades de Bomberos Colima, Bomberos Voluntarios Villa de \u00c1lvarez, la Delegaci\u00f3n Estatal de la Cruz Roja Mexicana, la Polic\u00eda Ministerial Comala, Protecci\u00f3n Civil del Estado, Seguridad P\u00fablica del Estado, el Subsecretario de Operaciones de la Secretar\u00eda de Seguridad P\u00fablica, el Director de la Polic\u00eda Estatal Acreditada, el Director de Seguridad P\u00fablica de Cuauht\u00e9moc, el Director de Seguridad P\u00fablica de Villa de \u00c1lvarez, as\u00ed como el Coordinador Estatal de la Polic\u00eda Federal.<\/p>\n<p>&nbsp;<\/p>\n","protected":false},"excerpt":{"rendered":"<p>Con la presencia del Presidente Municipal, Donaldo Z\u00fa\u00f1iga; as\u00ed como del Director de Seguridad P\u00fablica y Vialidad, Javier Montes Garc\u00eda, este mi\u00e9rcoles arranc\u00f3 el Operativo de Semana Santa 2019 Al banderazo de inicio asistieron unidades de Bomberos Colima, Bomberos Voluntarios Villa de \u00c1lvarez, la Delegaci\u00f3n Estatal de la Cruz Roja Mexicana, la Polic\u00eda Ministerial Comala,&#8230;<\/p>\n","protected":false},"author":2,"featured_media":4018,"comment_status":"open","ping_status":"open","sticky":false,"template":"","format":"standard","meta":{"footnotes":""},"categories":[37,19],"tags":[29,30,28],"class_list":["post-4017","post","type-post","status-publish","format-standard","has-post-thumbnail","hentry","category-comala","category-fotonotas","tag-grid","tag-news","tag-slider"],"_links":{"self":[{"href":"http:\/\/elobservatorio.com.mx\/index.php?rest_route=\/wp\/v2\/posts\/4017"}],"collection":[{"href":"http:\/\/elobservatorio.com.mx\/index.php?rest_route=\/wp\/v2\/posts"}],"about":[{"href":"http:\/\/elobservatorio.com.mx\/index.php?rest_route=\/wp\/v2\/types\/post"}],"author":[{"embeddable":true,"href":"http:\/\/elobservatorio.com.mx\/index.php?rest_route=\/wp\/v2\/users\/2"}],"replies":[{"embeddable":true,"href":"http:\/\/elobservatorio.com.mx\/index.php?rest_route=%2Fwp%2Fv2%2Fcomments&post=4017"}],"version-history":[{"count":0,"href":"http:\/\/elobservatorio.com.mx\/index.php?rest_route=\/wp\/v2\/posts\/4017\/revisions"}],"wp:featuredmedia":[{"embeddable":true,"href":"http:\/\/elobservatorio.com.mx\/index.php?rest_route=\/wp\/v2\/media\/4018"}],"wp:attachment":[{"href":"http:\/\/elobservatorio.com.mx\/index.php?rest_route=%2Fwp%2Fv2%2Fmedia&parent=4017"}],"wp:term":[{"taxonomy":"category","embeddable":true,"href":"http:\/\/elobservatorio.com.mx\/index.php?rest_route=%2Fwp%2Fv2%2Fcategories&post=4017"},{"taxonomy":"post_tag","embeddable":true,"href":"http:\/\/elobservatorio.com.mx\/index.php?rest_route=%2Fwp%2Fv2%2Ftags&post=4017"}],"curies":[{"name":"wp","href":"https:\/\/api.w.org\/{rel}","templated":true}]}}