{"id":4020,"date":"2019-04-11T02:31:00","date_gmt":"2019-04-11T02:31:00","guid":{"rendered":"http:\/\/elobservatorio.com.mx\/gano-el-capricho-y-no-el-interes-ciudadano-con-la-imposicion-en-ciapacov-daniel-torres"},"modified":"2019-04-11T02:31:00","modified_gmt":"2019-04-11T02:31:00","slug":"gano-el-capricho-y-no-el-interes-ciudadano-con-la-imposicion-en-ciapacov-daniel-torres","status":"publish","type":"post","link":"http:\/\/elobservatorio.com.mx\/?p=4020","title":{"rendered":"Gan\u00f3 el capricho y no el inter\u00e9s ciudadano con la imposici\u00f3n en Ciapacov: Daniel Torres"},"content":{"rendered":"<p class=\"x_MsoNormal\">Luego de la imposici\u00f3n de Nicol\u00e1s Contreras como director de la Ciapacov, el regidor de Villa de \u00c1lvarez, Daniel Torres Gonz\u00e1lez lament\u00f3 que haya ganado \u201cel capricho\u201d y no el inter\u00e9s de los ciudadanos, pues record\u00f3 que el profesor normalista no cuenta con el perfil para ocupar dicho cargo.<\/p>\n<p class=\"x_MsoNormal\">\u201cEs lamentable que por capricho y pago de favores se ponga en riesgo un organismos como la Ciapacov, el cual requiere de personar capacitado para operar de manera adecuada, y entregar un buen servicio a los ciudadanos\u201d, manifest\u00f3 el edil.<\/p>\n<p class=\"x_MsoNormal\">Torres Gonz\u00e1lez sostuvo que lo que no se pudo ganar con una votaci\u00f3n, se gan\u00f3 en la mesa, \u201csin el conceso de los que llegamos gracias a la votaci\u00f3n directa de los ciudadanos, y no por dedazo\u201d.<\/p>\n<p class=\"x_MsoNormal\">\u00a0Y es que record\u00f3 que fueron los representantes populares los que votaron en contra de Nicol\u00e1s Contreras. \u201cHubo diputados locales, regidores, un representante empresarial, incluso el propio alcalde de Colima\u201d.<\/p>\n<p class=\"x_MsoNormal\">\u201cEl vot\u00f3 que se dio en la sesi\u00f3n pasada ya se hab\u00eda dictaminado. Al final de cuentas esto deja m\u00e1s que ver que es una imposici\u00f3n, y no un tema de sacar en consenso a trav\u00e9s del Consejo de Administraci\u00f3n\u201d, se\u00f1al\u00f3 el villalvarense.<\/p>\n<p class=\"x_MsoNormal\">Finalmente, Daniel Torres agreg\u00f3 que analizar\u00e1n los mecanismos legales para determinar que es lo que procede \u201cen esto que a todas luces, no fue m\u00e1s que una imposici\u00f3n\u201d.<\/p>\n","protected":false},"excerpt":{"rendered":"<p>Luego de la imposici\u00f3n de Nicol\u00e1s Contreras como director de la Ciapacov, el regidor de Villa de \u00c1lvarez, Daniel Torres Gonz\u00e1lez lament\u00f3 que haya ganado \u201cel capricho\u201d y no el inter\u00e9s de los ciudadanos, pues record\u00f3 que el profesor normalista no cuenta con el perfil para ocupar dicho cargo. \u201cEs lamentable que por capricho y&#8230;<\/p>\n","protected":false},"author":2,"featured_media":4021,"comment_status":"open","ping_status":"open","sticky":false,"template":"","format":"standard","meta":{"footnotes":""},"categories":[8,42],"tags":[29,30,28],"class_list":["post-4020","post","type-post","status-publish","format-standard","has-post-thumbnail","hentry","category-municipios","category-villa-de-alvarez","tag-grid","tag-news","tag-slider"],"_links":{"self":[{"href":"http:\/\/elobservatorio.com.mx\/index.php?rest_route=\/wp\/v2\/posts\/4020"}],"collection":[{"href":"http:\/\/elobservatorio.com.mx\/index.php?rest_route=\/wp\/v2\/posts"}],"about":[{"href":"http:\/\/elobservatorio.com.mx\/index.php?rest_route=\/wp\/v2\/types\/post"}],"author":[{"embeddable":true,"href":"http:\/\/elobservatorio.com.mx\/index.php?rest_route=\/wp\/v2\/users\/2"}],"replies":[{"embeddable":true,"href":"http:\/\/elobservatorio.com.mx\/index.php?rest_route=%2Fwp%2Fv2%2Fcomments&post=4020"}],"version-history":[{"count":0,"href":"http:\/\/elobservatorio.com.mx\/index.php?rest_route=\/wp\/v2\/posts\/4020\/revisions"}],"wp:featuredmedia":[{"embeddable":true,"href":"http:\/\/elobservatorio.com.mx\/index.php?rest_route=\/wp\/v2\/media\/4021"}],"wp:attachment":[{"href":"http:\/\/elobservatorio.com.mx\/index.php?rest_route=%2Fwp%2Fv2%2Fmedia&parent=4020"}],"wp:term":[{"taxonomy":"category","embeddable":true,"href":"http:\/\/elobservatorio.com.mx\/index.php?rest_route=%2Fwp%2Fv2%2Fcategories&post=4020"},{"taxonomy":"post_tag","embeddable":true,"href":"http:\/\/elobservatorio.com.mx\/index.php?rest_route=%2Fwp%2Fv2%2Ftags&post=4020"}],"curies":[{"name":"wp","href":"https:\/\/api.w.org\/{rel}","templated":true}]}}