{"id":4032,"date":"2019-04-11T04:04:32","date_gmt":"2019-04-11T04:04:32","guid":{"rendered":"http:\/\/elobservatorio.com.mx\/imparten-curso-de-proyectos-productivos-a-los-ayuntamientos-y-secretaria-de-turismo"},"modified":"2019-04-11T04:04:32","modified_gmt":"2019-04-11T04:04:32","slug":"imparten-curso-de-proyectos-productivos-a-los-ayuntamientos-y-secretaria-de-turismo","status":"publish","type":"post","link":"http:\/\/elobservatorio.com.mx\/?p=4032","title":{"rendered":"Imparten curso de proyectos productivos a los ayuntamientos y Secretar\u00eda de Turismo"},"content":{"rendered":"<p><em>*El objetivo es compartir la metodolog\u00eda de la vinculaci\u00f3n con los sectores productivos para generar proyectos con responsabilidad social.<\/em><\/p>\n<p>Del 8 al 12 de abril se est\u00e1 realizando en la Universidad de Colima el curso-taller \u201cElaboraci\u00f3n de proyectos productivos\u201d, el cual tiene como objetivo dotar de metodolog\u00eda y herramientas necesarias a funcionarios del sector p\u00fablico municipal y estatal para la detecci\u00f3n de necesidades en los distintos sectores de la sociedad, y generar as\u00ed proyectos productivos con base en las reglas de operaci\u00f3n vigentes.<\/p>\n<p>\u201cEste curso-taller surgi\u00f3 a partir del ofrecimiento que realiz\u00f3 el rector Jos\u00e9 Eduardo Hern\u00e1ndez Nava en la reciente visita a la UdeC del subsecretario de Educaci\u00f3n Superior de la SEP, Luciano Concheiro B\u00f3rquez, con quien acord\u00f3 la realizaci\u00f3n de un curso para los diez ayuntamientos\u201d, explic\u00f3 Priscilia \u00c1lvarez Guti\u00e9rrez, delegada de Colima, quien asisti\u00f3 al arranque de actividades en representaci\u00f3n de Hern\u00e1ndez Nava.<\/p>\n<p>Agreg\u00f3 que el acuerdo consisti\u00f3 en dirigir el curso, de igual modo, al personal que integra el equipo de la delegada federal Indira Vizca\u00edno Silva, y a la Secretar\u00eda de Turismo de Colima.<\/p>\n<p>\u201cEste evento fortalece la vinculaci\u00f3n como una funci\u00f3n sustantiva de la UdeC, de la misma relevancia que la docencia y la investigaci\u00f3n. La UdeC reconoce su compromiso como motor de desarrollo del estado y la regi\u00f3n, por lo que es de inter\u00e9s estrechar lazos y crear sinergias que impacten positivamente en la sociedad colimense\u201d, enunci\u00f3.<\/p>\n<p>Este curso-taller abarcar\u00e1 temas relacionados con el desarrollo regional, detecci\u00f3n de necesidades, fuentes de financiamiento, estudios de mercado, t\u00e9cnicos, financieros, de impacto social y tendr\u00e1 validez curricular avalada por Educaci\u00f3n Continua.<\/p>\n<p>La iniciativa, adem\u00e1s, busca que la UdeC establezca lazos a trav\u00e9s de la Direcci\u00f3n General de Atenci\u00f3n al Sector Social y Productivo y la Coordinaci\u00f3n General de Extensi\u00f3n, con las dependencias representadas por los asistentes al curso.<\/p>\n<p>Esta actividad de capacitaci\u00f3n forma parte de la l\u00ednea de profesionalizaci\u00f3n de la vinculaci\u00f3n con el sector p\u00fablico, incluida en el plan Institucional de Desarrollo 2018-2021 de la actual administraci\u00f3n rectoral.<\/p>\n<p>Estuvieron presentes en la inauguraci\u00f3n Fernando Macedo Cruz, coordinador general de Extensi\u00f3n, y Jos\u00e9 Luis Fonseca V\u00e1zquez, director general de Atenci\u00f3n al Sector Social y Productivo e instructor de este curso-taller.<\/p>\n<p>&nbsp;<\/p>\n","protected":false},"excerpt":{"rendered":"<p>*El objetivo es compartir la metodolog\u00eda de la vinculaci\u00f3n con los sectores productivos para generar proyectos con responsabilidad social. Del 8 al 12 de abril se est\u00e1 realizando en la Universidad de Colima el curso-taller \u201cElaboraci\u00f3n de proyectos productivos\u201d, el cual tiene como objetivo dotar de metodolog\u00eda y herramientas necesarias a funcionarios del sector p\u00fablico&#8230;<\/p>\n","protected":false},"author":2,"featured_media":4033,"comment_status":"open","ping_status":"open","sticky":false,"template":"","format":"standard","meta":{"footnotes":""},"categories":[14],"tags":[29,30,28],"class_list":["post-4032","post","type-post","status-publish","format-standard","has-post-thumbnail","hentry","category-educacion-y-cultura","tag-grid","tag-news","tag-slider"],"_links":{"self":[{"href":"http:\/\/elobservatorio.com.mx\/index.php?rest_route=\/wp\/v2\/posts\/4032"}],"collection":[{"href":"http:\/\/elobservatorio.com.mx\/index.php?rest_route=\/wp\/v2\/posts"}],"about":[{"href":"http:\/\/elobservatorio.com.mx\/index.php?rest_route=\/wp\/v2\/types\/post"}],"author":[{"embeddable":true,"href":"http:\/\/elobservatorio.com.mx\/index.php?rest_route=\/wp\/v2\/users\/2"}],"replies":[{"embeddable":true,"href":"http:\/\/elobservatorio.com.mx\/index.php?rest_route=%2Fwp%2Fv2%2Fcomments&post=4032"}],"version-history":[{"count":0,"href":"http:\/\/elobservatorio.com.mx\/index.php?rest_route=\/wp\/v2\/posts\/4032\/revisions"}],"wp:featuredmedia":[{"embeddable":true,"href":"http:\/\/elobservatorio.com.mx\/index.php?rest_route=\/wp\/v2\/media\/4033"}],"wp:attachment":[{"href":"http:\/\/elobservatorio.com.mx\/index.php?rest_route=%2Fwp%2Fv2%2Fmedia&parent=4032"}],"wp:term":[{"taxonomy":"category","embeddable":true,"href":"http:\/\/elobservatorio.com.mx\/index.php?rest_route=%2Fwp%2Fv2%2Fcategories&post=4032"},{"taxonomy":"post_tag","embeddable":true,"href":"http:\/\/elobservatorio.com.mx\/index.php?rest_route=%2Fwp%2Fv2%2Ftags&post=4032"}],"curies":[{"name":"wp","href":"https:\/\/api.w.org\/{rel}","templated":true}]}}