{"id":4062,"date":"2019-04-12T16:16:22","date_gmt":"2019-04-12T16:16:22","guid":{"rendered":"http:\/\/elobservatorio.com.mx\/realiza-dif-tecoman-primera-sesion-de-cabildo-infantil-2019"},"modified":"2019-04-12T16:16:22","modified_gmt":"2019-04-12T16:16:22","slug":"realiza-dif-tecoman-primera-sesion-de-cabildo-infantil-2019","status":"publish","type":"post","link":"http:\/\/elobservatorio.com.mx\/?p=4062","title":{"rendered":"Realiza DIF Tecom\u00e1n Primera Sesi\u00f3n de Cabildo Infantil 2019"},"content":{"rendered":"<p><em>*Los participantes propusieron la creaci\u00f3n de m\u00e1s espacios culturales y deportivos, as\u00ed como la apertura en diversos medios de comunicaci\u00f3n, para que expongan diversas tem\u00e1ticas<\/em><\/p>\n<p>Con la participaci\u00f3n de alumnado de distintas escuelas del municipio, DIF Tecom\u00e1n, a trav\u00e9s del Programa para la Atenci\u00f3n de Ni\u00f1as, Ni\u00f1os y Adolescentes en Riesgo (PANNAR), realiz\u00f3 la Primera Sesi\u00f3n de Cabildo Infantil 2019.<\/p>\n<p>En este ejercicio que se realiz\u00f3 hoy jueves por la ma\u00f1ana, en la Teleaula de la Presidencia Municipal, participaron 16 alumnas y alumnos de once planteles escolares de Tecom\u00e1n, quienes previamente escogieron a quienes fungir\u00edan como presidenta municipal, secretario, s\u00edndico, regidoras y regidores, para integrar el Cabildo Infantil tecomense.<\/p>\n<p>En el evento, participaron el alcalde El\u00edas Lozano Ochoa, as\u00ed como su esposa, la presidenta de DIF Tecom\u00e1n, Irma Mirella Mart\u00ednez Silva. Asimismo, el secretario del Ayuntamiento, Humberto Uribe God\u00ednez; la directora del DIF Municipal, Argelia L\u00f3pez Z\u00fa\u00f1iga, y el coordinador de la tem\u00e1tica de participaci\u00f3n infantil del DIF Estatal Colima, Miguel \u00c1ngel Larios Ortiz. Tambi\u00e9n en el lugar se reunieron paterfamilias del alumnado, as\u00ed como personal directivo de distintas escuelas del municipio.<\/p>\n<p>Al dar la bienvenida a los presentes, la presidenta del DIF Municipal, Irma Mirella Mart\u00ednez Silva, habl\u00f3 acerca de la importancia de la puesta en marcha de este ejercicio, por el cual la ni\u00f1ez da a conocer lo relevante que es su opini\u00f3n para la construcci\u00f3n de una mejor sociedad, as\u00ed como su participaci\u00f3n en los espacios p\u00fablicos y privados.<\/p>\n<p>\u201cEste foro nos permite a las instituciones p\u00fablicas conocer cu\u00e1l es el verdadero sentir de nuestras ni\u00f1as, ni\u00f1os y adolescentes, y traducir sus expresiones en pol\u00edticas p\u00fablicas que incidan positivamente en su calidad de vida\u201d, dijo.<\/p>\n<p>Asimismo, reiter\u00f3 su compromiso con las ni\u00f1as, ni\u00f1os y adolescentes, para generar condiciones que propicien su pleno desarrollo. Adem\u00e1s, los conmin\u00f3 a disfrutar con plenitud esta etapa de su vida, en sana convivencia con sus familiares, compa\u00f1eros y amigos.<\/p>\n<p>En lo que fue la Primera Sesi\u00f3n de Cabildo Infantil, los menores\u00a0expusieron temas\u00a0acerca de la importancia de la creaci\u00f3n de espacios culturales y deportivos, con el prop\u00f3sito de que tengan un sano desarrollo y esparcimiento.<\/p>\n<p>Otra de las propuestas sobresalientes que realizaron los participantes fue instar a los medios de comunicaci\u00f3n, para que les brinden espacios en los cuales expongan diversas tem\u00e1ticas, para que la sociedad y las autoridades de los tres niveles de gobierno conozcan sus opiniones acerca de diversos temas que para ellas y ellos son relevantes.<\/p>\n<p>Al hacer uso de la voz, el alcalde El\u00edas Lozano Ochoa felicit\u00f3 a los participantes, quienes, dijo, dan una muestra clara de c\u00f3mo hacer bien las cosas en la funci\u00f3n p\u00fablica. Asimismo, se comprometi\u00f3 a seguir trabajando para generar un mejor desarrollo de vida a las familias de las y los menores de edad, sobre todo de quienes viven en condici\u00f3n vulnerable.<\/p>\n<p>Al concluir la Primera Sesi\u00f3n de Cabildo Infantil, las ni\u00f1as y ni\u00f1os participantes recibieron reconocimientos por parte de las y los regidores, as\u00ed como del Alcalde y la Presidenta del DIF.<\/p>\n","protected":false},"excerpt":{"rendered":"<p>*Los participantes propusieron la creaci\u00f3n de m\u00e1s espacios culturales y deportivos, as\u00ed como la apertura en diversos medios de comunicaci\u00f3n, para que expongan diversas tem\u00e1ticas Con la participaci\u00f3n de alumnado de distintas escuelas del municipio, DIF Tecom\u00e1n, a trav\u00e9s del Programa para la Atenci\u00f3n de Ni\u00f1as, Ni\u00f1os y Adolescentes en Riesgo (PANNAR), realiz\u00f3 la Primera&#8230;<\/p>\n","protected":false},"author":2,"featured_media":4063,"comment_status":"open","ping_status":"open","sticky":false,"template":"","format":"standard","meta":{"footnotes":""},"categories":[8,34],"tags":[29,30,28],"class_list":["post-4062","post","type-post","status-publish","format-standard","has-post-thumbnail","hentry","category-municipios","category-tecoman","tag-grid","tag-news","tag-slider"],"_links":{"self":[{"href":"http:\/\/elobservatorio.com.mx\/index.php?rest_route=\/wp\/v2\/posts\/4062"}],"collection":[{"href":"http:\/\/elobservatorio.com.mx\/index.php?rest_route=\/wp\/v2\/posts"}],"about":[{"href":"http:\/\/elobservatorio.com.mx\/index.php?rest_route=\/wp\/v2\/types\/post"}],"author":[{"embeddable":true,"href":"http:\/\/elobservatorio.com.mx\/index.php?rest_route=\/wp\/v2\/users\/2"}],"replies":[{"embeddable":true,"href":"http:\/\/elobservatorio.com.mx\/index.php?rest_route=%2Fwp%2Fv2%2Fcomments&post=4062"}],"version-history":[{"count":0,"href":"http:\/\/elobservatorio.com.mx\/index.php?rest_route=\/wp\/v2\/posts\/4062\/revisions"}],"wp:featuredmedia":[{"embeddable":true,"href":"http:\/\/elobservatorio.com.mx\/index.php?rest_route=\/wp\/v2\/media\/4063"}],"wp:attachment":[{"href":"http:\/\/elobservatorio.com.mx\/index.php?rest_route=%2Fwp%2Fv2%2Fmedia&parent=4062"}],"wp:term":[{"taxonomy":"category","embeddable":true,"href":"http:\/\/elobservatorio.com.mx\/index.php?rest_route=%2Fwp%2Fv2%2Fcategories&post=4062"},{"taxonomy":"post_tag","embeddable":true,"href":"http:\/\/elobservatorio.com.mx\/index.php?rest_route=%2Fwp%2Fv2%2Ftags&post=4062"}],"curies":[{"name":"wp","href":"https:\/\/api.w.org\/{rel}","templated":true}]}}