{"id":4065,"date":"2019-04-12T16:22:15","date_gmt":"2019-04-12T16:22:15","guid":{"rendered":"http:\/\/elobservatorio.com.mx\/sujeto-que-robo-en-una-primaria-es-detenido-y-vinculado-a-proceso"},"modified":"2019-04-12T16:22:15","modified_gmt":"2019-04-12T16:22:15","slug":"sujeto-que-robo-en-una-primaria-es-detenido-y-vinculado-a-proceso","status":"publish","type":"post","link":"http:\/\/elobservatorio.com.mx\/?p=4065","title":{"rendered":"Sujeto que rob\u00f3 en una primaria es detenido y vinculado a proceso"},"content":{"rendered":"<p><em>*El juez decret\u00f3 prisi\u00f3n preventiva y orden\u00f3 su internamiento en el Cereso.<\/em><\/p>\n<p>Un hombre de 25 a\u00f1os de edad fue vinculado a proceso por el delito de robo calificado, durante la audiencia en la que tambi\u00e9n le fue impuesta la prisi\u00f3n preventiva como medida cautelar, por hechos ocurridos en una escuela primaria de la Ciudad de Colima.<\/p>\n<p>De acuerdo a lo que establece la indagatoria, el imputado ingres\u00f3 a este centro escolar ubicado en la Calzada de El Campesino, de donde sustrajo diversos art\u00edculos electr\u00f3nicos y objetos de valor, pero fue capturado por la polic\u00eda cuando intentaba darse a la fuga.<\/p>\n<p>Tras ser detenida en flagrancia esta persona fue turnada a la autoridad jurisdiccional, quien adem\u00e1s de calificar de legal la detenci\u00f3n y vincularla a proceso, determin\u00f3 su internamiento en el Cereso y el plazo para que el Ministerio P\u00fablico concluya la investigaci\u00f3n.<\/p>\n<p>Este tipo de acciones son resultado del trabajo realizado por las corporaciones de seguridad, para combatir el delito de robo, evitar da\u00f1os al patrimonio de las familias y llevar ante la justicia a quienes incurran en este tipo de conductas.<\/p>\n<p>En estas acciones sigue siendo fundamental la colaboraci\u00f3n de la sociedad a trav\u00e9s de las denuncias an\u00f3nimas, por ello se exhorta a que las realice al 089 y el reporte de las emergencias a la l\u00ednea 911.<\/p>\n","protected":false},"excerpt":{"rendered":"<p>*El juez decret\u00f3 prisi\u00f3n preventiva y orden\u00f3 su internamiento en el Cereso. Un hombre de 25 a\u00f1os de edad fue vinculado a proceso por el delito de robo calificado, durante la audiencia en la que tambi\u00e9n le fue impuesta la prisi\u00f3n preventiva como medida cautelar, por hechos ocurridos en una escuela primaria de la Ciudad&#8230;<\/p>\n","protected":false},"author":2,"featured_media":4066,"comment_status":"open","ping_status":"open","sticky":false,"template":"","format":"standard","meta":{"footnotes":""},"categories":[15],"tags":[29,30,28],"class_list":["post-4065","post","type-post","status-publish","format-standard","has-post-thumbnail","hentry","category-seguridad-y-justicia","tag-grid","tag-news","tag-slider"],"_links":{"self":[{"href":"http:\/\/elobservatorio.com.mx\/index.php?rest_route=\/wp\/v2\/posts\/4065"}],"collection":[{"href":"http:\/\/elobservatorio.com.mx\/index.php?rest_route=\/wp\/v2\/posts"}],"about":[{"href":"http:\/\/elobservatorio.com.mx\/index.php?rest_route=\/wp\/v2\/types\/post"}],"author":[{"embeddable":true,"href":"http:\/\/elobservatorio.com.mx\/index.php?rest_route=\/wp\/v2\/users\/2"}],"replies":[{"embeddable":true,"href":"http:\/\/elobservatorio.com.mx\/index.php?rest_route=%2Fwp%2Fv2%2Fcomments&post=4065"}],"version-history":[{"count":0,"href":"http:\/\/elobservatorio.com.mx\/index.php?rest_route=\/wp\/v2\/posts\/4065\/revisions"}],"wp:featuredmedia":[{"embeddable":true,"href":"http:\/\/elobservatorio.com.mx\/index.php?rest_route=\/wp\/v2\/media\/4066"}],"wp:attachment":[{"href":"http:\/\/elobservatorio.com.mx\/index.php?rest_route=%2Fwp%2Fv2%2Fmedia&parent=4065"}],"wp:term":[{"taxonomy":"category","embeddable":true,"href":"http:\/\/elobservatorio.com.mx\/index.php?rest_route=%2Fwp%2Fv2%2Fcategories&post=4065"},{"taxonomy":"post_tag","embeddable":true,"href":"http:\/\/elobservatorio.com.mx\/index.php?rest_route=%2Fwp%2Fv2%2Ftags&post=4065"}],"curies":[{"name":"wp","href":"https:\/\/api.w.org\/{rel}","templated":true}]}}