{"id":4175,"date":"2019-04-18T18:40:15","date_gmt":"2019-04-18T18:40:15","guid":{"rendered":"http:\/\/elobservatorio.com.mx\/anuncia-alcalde-rafael-mendoza-primer-festival-del-azucar-cana-y-ron"},"modified":"2019-04-18T18:41:34","modified_gmt":"2019-04-18T18:41:34","slug":"anuncia-alcalde-rafael-mendoza-primer-festival-del-azucar-cana-y-ron","status":"publish","type":"post","link":"http:\/\/elobservatorio.com.mx\/?p=4175","title":{"rendered":"Anuncia alcalde Rafael Mendoza,  Primer Festival del Azucar, ca\u00f1a y ron"},"content":{"rendered":"<p><em>*Invita a la poblaci\u00f3n para que asista a los eventos culturales que se presentar\u00e1n en distintos escenarios del municipio, los d\u00edas 14, 15 Y 16 de junio.<\/em><\/p>\n<p>Ante los medios de comunicaci\u00f3n\u00a0 del estado, este lunes 15 de abril\u00a0 por la tarde, el presidente municipal de Cuauht\u00e9moc, en compa\u00f1\u00eda de\u00a0 funcionarios y autoridades auxiliares municipales;\u00a0 hizo el anuncio del\u00a0 Primer Festival del Az\u00facar, Ca\u00f1a y\u00a0 Ron,\u00a0 que se desarrollar\u00e1 del 14 al 16 de junio en el municipio\u00a0 y que busca\u00a0 la reactivaci\u00f3n\u00a0 econ\u00f3mica con la promoci\u00f3n de los productos\u00a0 que\u00a0 desarrolla la industria del municipio de Cuauht\u00e9moc.<\/p>\n<p>Esta gran iniciativa, de la realizaci\u00f3n del Primer Festival del\u00a0 Az\u00facar, Ca\u00f1a y\u00a0 Ron,\u00a0 contempla\u00a0 3 d\u00edas de\u00a0 intensa actividad cultural que se llevar\u00e1 a cabo en\u00a0 diferentes sedes por todo el municipio de Cuauht\u00e9moc; un\u00a0 programa itinerante para\u00a0 llevar a las familias actividad cultural y a la vez la promoci\u00f3n\u00a0 econ\u00f3mica de los productos que se elaboran en\u00a0 Cuauht\u00e9moc y que le\u00a0 confieren una importancia comercial y econ\u00f3mica creciente.<\/p>\n<p>Cuauht\u00e9moc aparte de tener una gran historia, tiene un clima y producci\u00f3n de diferentes productos regionales y algo que realza es la agricultura. Los paisajes muy cercanos a la vista del Volc\u00e1n. Se pretende tambi\u00e9n destacar artistas locales, que este festival se haga una tradici\u00f3n, que la gente se entere y visite nuestro municipio de Cuauht\u00e9moc. Desde el Ayuntamiento estaremos al pendiente de la realizaci\u00f3n de este Festival, sea todo un \u00e9xito.<\/p>\n<p>Este Primer Festival del Az\u00facar, Ca\u00f1a y Ron, enmarca dos acontecimientos muy importantes para el municipio de Cuauht\u00e9moc, los aniversarios de su creaci\u00f3n y la elevaci\u00f3n a pueblo de la propia cabecera municipal, en el cual participar\u00e1n artistas de Oxaca, Chihuahua, San Luis Potos\u00ed, Baja California, Argentina, Panam\u00e1, Jalisco y Colombia; se pretende impulsar y dar a conocer los talentos locales, como Jorge Ram\u00edrez, Karla Ver\u00f3nica, Mayra Lam, Juan Pablo Espinoza en la voz de Paquita la del Barrio, y a nuevos talentos como son: Luis Peregrina, Gina; la banda de m\u00fasica del Gobierno del Estado, la compa\u00f1\u00eda de Baile Bachata M\u00eda, la compa\u00f1\u00eda de danza Ensamble, EL Balet cl\u00e1sico de Alicia Markova, Ballet folkl\u00f3rico Caxitl\u00e1n, Ballet folkl\u00f3rico Nuevo Queser\u00eda, y la participaci\u00f3n musical de un compositor de Coquimatl\u00e1n, que es quien hizo el son de Cuauht\u00e9moc.<\/p>\n<p>Se contemplan dos eventos de gala, uno en las propias instalaciones del Ingenio de Queser\u00eda, y otro en las instalaciones de la f\u00e1brica de Ron; habr\u00e1 un desfile inaugural por las principales calles de Cuauht\u00e9moc portando trajes t\u00edpicos y bailando temas musicales emblem\u00e1ticos de la Regi\u00f3n y que son alusivos al municipio donde se realizar\u00e1 este Primer Festival del Az\u00facar, Ca\u00f1a y Ron. El cierre de lujo estar\u00e1 a cargo de un invitado sorpresa como los es cicl\u00f3nica Sonora Dinamita.<\/p>\n<p>Este Festival del Az\u00facar, Ca\u00f1a y Ron, contempla la exposici\u00f3n de fotograf\u00edas y diferentes productos que se elaboran en el municipio de Cuauht\u00e9moc y que sin duda alguna, le dan identidad.<\/p>\n<p>Las actividades culturales, con eventos de calidad y de acceso gratuito a toda la poblaci\u00f3n, y que se presentar\u00e1n en\u00a0 los escenarios de Presidencia Municipal, Queser\u00eda, Hacienda de Chiapa, y Hacienda de Buenavista;\u00a0 se desarrollaran bajo\u00a0 el siguiente programa:<\/p>\n<p>&nbsp;<\/p>\n<p><strong>D\u00eda Viernes 14 de Junio:<\/strong><\/p>\n<ul>\n<li>12:30 Taller de Historia de Cuauht\u00e9moc a cargo del Cronista del Municipio de Cuauhtemoc, Marco Antonio Romero C\u00e1rdenas, en el Casa de la Cultural.<\/li>\n<li>13:30 Presentaci\u00f3n del Son de Cuauht\u00e9moc, en Casa de la Cultura.<\/li>\n<li>18:00 horas el Desfile inaugural del Primer Festival de la Ca\u00f1a, el Az\u00facar y el Ron, por las principales calles de la cabecera municipal.<\/li>\n<\/ul>\n<p>ESCENARIO PRESIDENCIA<\/p>\n<ul>\n<li>19:00 Se presentar\u00e1 la Danza Folcl\u00f3rica Tonatiuh de Baja California.<\/li>\n<li>19:45 Inauguraci\u00f3n a cargo del Presidente Municipal de Cuauht\u00e9moc, Rafael Mendoza.<\/li>\n<li>20:30 Presentaci\u00f3n del cantante Jorge Ram\u00edrez, \u201cla voz que acaricia nuestros corazones\u201d.<\/li>\n<li>21:30 Ballet San Miguel Folklor de Argentina.<\/li>\n<\/ul>\n<p><strong>S\u00e1bado 15 de junio:<\/strong><\/p>\n<p><strong>\u00a0\u00a0\u00a0\u00a0\u00a0\u00a0\u00a0\u00a0 <\/strong>ESCENARIO QUESER\u00cdA<\/p>\n<ul>\n<li>19:30 Ballet San Miguel Folklor de Argentina<\/li>\n<li>20:00 Cantante Jorge Ram\u00edrez, \u201cLa Voz que acaricia nuestros Corazones\u201d<\/li>\n<li>20:30 Compa\u00f1\u00eda Ensamble.<\/li>\n<\/ul>\n<p>ESCENARIO HACIENDA DE CHIAPA<\/p>\n<ul>\n<li>18:00 Ballet Cl\u00e1sico de Alicia Markova.<\/li>\n<li>19:00 Ballet Folkl\u00f3rico Mahuatzi de Ciudad Ju\u00e1rez, Chihuahua.<\/li>\n<li>19:45 Bailes y Melod\u00edas de Panam\u00e1.<\/li>\n<li>20:15 pm. Agrupaci\u00f3n Folcl\u00f3rica DBlaroz de San Luis Potos\u00ed.<\/li>\n<\/ul>\n<p>ESCENARIO HACIENDA DE BUENAVISTA<\/p>\n<ul>\n<li>18:00 Ballet Folkl\u00f3rico Nuevo Queser\u00eda.<\/li>\n<li>19:00 Ballet Folkl\u00f3rico Macehuanis de Ciudad Ju\u00e1rez, Chihuahua.<\/li>\n<li>19:45 Luis Peregrina.<\/li>\n<li>20:15 Danza Folkl\u00f3rica Tonatiuh de Baja California.<\/li>\n<\/ul>\n<p>ESCENARIO PRESIDENCIA<\/p>\n<ul>\n<li>18:00 Gina.<\/li>\n<li>18:30 Fabiola Ju\u00e1rez.<\/li>\n<li>19:00 Compa\u00f1\u00eda de Danza Gubidxa de Oaxaca.<\/li>\n<li>19:45 Agrupaci\u00f3n Folkl\u00f3rica Sur Danza de Pasto, Colombia.<\/li>\n<li>20:15 Ballet Folkl\u00f3rico Fuego Nuevo, de Jalisco.<\/li>\n<li>21:00 Paquita la del Barrio, en la imitaci\u00f3n de Juan Pablo.<\/li>\n<\/ul>\n<p>&nbsp;<\/p>\n<p><strong>Domingo 16 de Junio:<\/strong><\/p>\n<p><strong>\u00a0<\/strong><\/p>\n<ul>\n<li>08:00 Primera Carrera Festival del Az\u00facar, Ca\u00f1a y Ron 3 y 5 Kil\u00f3metros.<\/li>\n<li>12:00 Primer recorrido campestre Camino Real.<\/li>\n<\/ul>\n<p>ESCENERIO QUESER\u00cdA<\/p>\n<ul>\n<li>18:00 Ballet Folkl\u00f3rico Caxitl\u00e1n.<\/li>\n<li>19:00 Compa\u00f1\u00eda de Danza Gubidxa de Oaxaca.<\/li>\n<li>20:00 Agrupaci\u00f3n Folkl\u00f3rica, Sur Danza de Pasto Colombia.<\/li>\n<li>21:00 Agrupaci\u00f3n Folkl\u00f3rica DBlaroz de San Luis Potos\u00ed.<\/li>\n<\/ul>\n<p>ESCENARIO HACIENDA DE CHIAPA<\/p>\n<ul>\n<li>19:00 Luis Peregrina.<\/li>\n<li>19:30 Ballet Folkl\u00f3rico Fuego Nuevo de Jalisco.<\/li>\n<\/ul>\n<p>&nbsp;<\/p>\n<p>ESCENARIO HACIENDA DE BUENAVISTA<\/p>\n<ul>\n<li>19:00 Gina.<\/li>\n<li>19:30 Ballet San Miguel Folklor de Argentina.<\/li>\n<\/ul>\n<p>&nbsp;<\/p>\n<p>ESCENARIO PRESIDENCIA<\/p>\n<ul>\n<li>18:00 Banda de M\u00fasica del Gobierno del Estado de Colima.<\/li>\n<li>19:00 Danza Folkl\u00f3rica Tonatiuh de Baja California.<\/li>\n<li>19:00 Ballet Folkl\u00f3rico Macehuanis de Ciudad Ju\u00e1rez Chihuahua.<\/li>\n<li>20:00 Mayra Lam.<\/li>\n<li>20:30 Bailes y Melod\u00edas de Panam\u00e1.<\/li>\n<li>21:00 Ballet Folkl\u00f3rico Mahuatzi de Ciudad Ju\u00e1rez Chiauahua.<\/li>\n<li>21:30 Karla Ver\u00f3nica.<\/li>\n<li>22:00 Clausura y Cierre de lujo con la presentaci\u00f3n de la cicl\u00f3nica Sonora Dinamita.<\/li>\n<\/ul>\n<p>Luego de la presentaci\u00f3n de este\u00a0 Primer Festival del Az\u00facar, Ca\u00f1a y\u00a0 Ron, el presidente municipal, Rafael Mendoza,\u00a0 hizo un\u00a0 exhorto a las familias para que\u00a0 asistan\u00a0 a estos espect\u00e1culos de calidad, as\u00ed como a\u00a0 la exposici\u00f3n que se har\u00e1 de los productos\u00a0 t\u00edpicos que engrandecen la actividad econ\u00f3mica y que distinguen al municipio; que se expondr\u00e1n en vistosas carretas, esto como un v\u00ednculo con el\u00a0 hist\u00f3rico Camino Real\u00a0 que comprende\u00a0 en\u00a0 su trazo al municipio de Cuauht\u00e9moc.<\/p>\n<p>&nbsp;<\/p>\n","protected":false},"excerpt":{"rendered":"<p>*Invita a la poblaci\u00f3n para que asista a los eventos culturales que se presentar\u00e1n en distintos escenarios del municipio, los d\u00edas 14, 15 Y 16 de junio. Ante los medios de comunicaci\u00f3n\u00a0 del estado, este lunes 15 de abril\u00a0 por la tarde, el presidente municipal de Cuauht\u00e9moc, en compa\u00f1\u00eda de\u00a0 funcionarios y autoridades auxiliares municipales;\u00a0&#8230;<\/p>\n","protected":false},"author":2,"featured_media":4176,"comment_status":"open","ping_status":"open","sticky":false,"template":"","format":"standard","meta":{"footnotes":""},"categories":[40,8],"tags":[29,30,28],"class_list":["post-4175","post","type-post","status-publish","format-standard","has-post-thumbnail","hentry","category-cuauhtemoc","category-municipios","tag-grid","tag-news","tag-slider"],"_links":{"self":[{"href":"http:\/\/elobservatorio.com.mx\/index.php?rest_route=\/wp\/v2\/posts\/4175"}],"collection":[{"href":"http:\/\/elobservatorio.com.mx\/index.php?rest_route=\/wp\/v2\/posts"}],"about":[{"href":"http:\/\/elobservatorio.com.mx\/index.php?rest_route=\/wp\/v2\/types\/post"}],"author":[{"embeddable":true,"href":"http:\/\/elobservatorio.com.mx\/index.php?rest_route=\/wp\/v2\/users\/2"}],"replies":[{"embeddable":true,"href":"http:\/\/elobservatorio.com.mx\/index.php?rest_route=%2Fwp%2Fv2%2Fcomments&post=4175"}],"version-history":[{"count":0,"href":"http:\/\/elobservatorio.com.mx\/index.php?rest_route=\/wp\/v2\/posts\/4175\/revisions"}],"wp:featuredmedia":[{"embeddable":true,"href":"http:\/\/elobservatorio.com.mx\/index.php?rest_route=\/wp\/v2\/media\/4176"}],"wp:attachment":[{"href":"http:\/\/elobservatorio.com.mx\/index.php?rest_route=%2Fwp%2Fv2%2Fmedia&parent=4175"}],"wp:term":[{"taxonomy":"category","embeddable":true,"href":"http:\/\/elobservatorio.com.mx\/index.php?rest_route=%2Fwp%2Fv2%2Fcategories&post=4175"},{"taxonomy":"post_tag","embeddable":true,"href":"http:\/\/elobservatorio.com.mx\/index.php?rest_route=%2Fwp%2Fv2%2Ftags&post=4175"}],"curies":[{"name":"wp","href":"https:\/\/api.w.org\/{rel}","templated":true}]}}