{"id":4232,"date":"2019-04-23T01:42:25","date_gmt":"2019-04-23T01:42:25","guid":{"rendered":"http:\/\/elobservatorio.com.mx\/por-robo-agravado-en-la-cdmx-fue-detenido-en-manzanillo"},"modified":"2019-04-23T01:44:22","modified_gmt":"2019-04-23T01:44:22","slug":"por-robo-agravado-en-la-cdmx-fue-detenido-en-manzanillo","status":"publish","type":"post","link":"http:\/\/elobservatorio.com.mx\/?p=4232","title":{"rendered":"Por robo agravado en la CdMx fue detenido en Manzanillo"},"content":{"rendered":"<p><em>*Contaba con orden de aprehensi\u00f3n; fue detenido en Manzanillo.<\/em><\/p>\n<p>Un hombre de 50 a\u00f1os de edad fue detenido por autoridades de Colima, debido a que existe en su contra una orden de aprehensi\u00f3n vigente por el delito de robo agravado, de acuerdo con hechos ocurridos hace m\u00e1s de un a\u00f1o en la Ciudad de M\u00e9xico.<\/p>\n<p>En atenci\u00f3n a los convenios establecidos entre las Fiscal\u00edas y Procuradur\u00edas de todo el pa\u00eds, este sujeto fue entregado a los agentes ministeriales de esa entidad, para que sea trasladado y turnado a la autoridad jurisdiccional que lo requiere.<\/p>\n<p>Seg\u00fan la informaci\u00f3n que se conoce, esta persona se dedicaba a asaltar usuarios del autotransporte colectivo en la capital de la Rep\u00fablica, y era buscado para ejecutarle la orden de captura derivada de uno de estos delitos que cometi\u00f3 en enero del a\u00f1o 2018.<\/p>\n<p>De esta manera la Fiscal\u00eda General del Estado sigue cumpliendo su responsabilidad de investigar y perseguir los il\u00edcitos, a fin de llegar al esclarecimiento de los mismos y lograr la captura de quienes los cometen, para entregarlos a la autoridad que los requiere y evitar as\u00ed la impunidad.<\/p>\n<p>Para el \u00e9xito de estas acciones ser\u00e1 siempre fundamental la colaboraci\u00f3n de la sociedad, por ello se sigue exhortando a la poblaci\u00f3n a que realice sus denuncias de forma an\u00f3nima a la l\u00ednea 089 y el reporte las emergencias al 911.<\/p>\n","protected":false},"excerpt":{"rendered":"<p>*Contaba con orden de aprehensi\u00f3n; fue detenido en Manzanillo. Un hombre de 50 a\u00f1os de edad fue detenido por autoridades de Colima, debido a que existe en su contra una orden de aprehensi\u00f3n vigente por el delito de robo agravado, de acuerdo con hechos ocurridos hace m\u00e1s de un a\u00f1o en la Ciudad de M\u00e9xico&#8230;.<\/p>\n","protected":false},"author":2,"featured_media":4233,"comment_status":"open","ping_status":"open","sticky":false,"template":"","format":"standard","meta":{"footnotes":""},"categories":[15],"tags":[29,30,28],"class_list":["post-4232","post","type-post","status-publish","format-standard","has-post-thumbnail","hentry","category-seguridad-y-justicia","tag-grid","tag-news","tag-slider"],"_links":{"self":[{"href":"http:\/\/elobservatorio.com.mx\/index.php?rest_route=\/wp\/v2\/posts\/4232"}],"collection":[{"href":"http:\/\/elobservatorio.com.mx\/index.php?rest_route=\/wp\/v2\/posts"}],"about":[{"href":"http:\/\/elobservatorio.com.mx\/index.php?rest_route=\/wp\/v2\/types\/post"}],"author":[{"embeddable":true,"href":"http:\/\/elobservatorio.com.mx\/index.php?rest_route=\/wp\/v2\/users\/2"}],"replies":[{"embeddable":true,"href":"http:\/\/elobservatorio.com.mx\/index.php?rest_route=%2Fwp%2Fv2%2Fcomments&post=4232"}],"version-history":[{"count":0,"href":"http:\/\/elobservatorio.com.mx\/index.php?rest_route=\/wp\/v2\/posts\/4232\/revisions"}],"wp:featuredmedia":[{"embeddable":true,"href":"http:\/\/elobservatorio.com.mx\/index.php?rest_route=\/wp\/v2\/media\/4233"}],"wp:attachment":[{"href":"http:\/\/elobservatorio.com.mx\/index.php?rest_route=%2Fwp%2Fv2%2Fmedia&parent=4232"}],"wp:term":[{"taxonomy":"category","embeddable":true,"href":"http:\/\/elobservatorio.com.mx\/index.php?rest_route=%2Fwp%2Fv2%2Fcategories&post=4232"},{"taxonomy":"post_tag","embeddable":true,"href":"http:\/\/elobservatorio.com.mx\/index.php?rest_route=%2Fwp%2Fv2%2Ftags&post=4232"}],"curies":[{"name":"wp","href":"https:\/\/api.w.org\/{rel}","templated":true}]}}