{"id":4236,"date":"2019-04-23T04:57:13","date_gmt":"2019-04-23T04:57:13","guid":{"rendered":"http:\/\/elobservatorio.com.mx\/saldo-blanco-en-los-balnearios-de-coquimatlan"},"modified":"2019-04-23T04:57:13","modified_gmt":"2019-04-23T04:57:13","slug":"saldo-blanco-en-los-balnearios-de-coquimatlan","status":"publish","type":"post","link":"http:\/\/elobservatorio.com.mx\/?p=4236","title":{"rendered":"Saldo blanco en los balnearios de Coquimatl\u00e1n"},"content":{"rendered":"<p class=\"x_MsoNormal\">Coquimatl\u00e1n, Colima, 22 de Abril de 2019.- Durante este periodo vacacional se registr\u00f3 la afluencia de 32 mil personas a los distintos centros de recreaci\u00f3n del municipio, con un saldo blanco, sin accidentes ni incidentes que lamentar, inform\u00f3 Edson Felipe Cruz Maga\u00f1a, titular de la Direcci\u00f3n Municipal de Protecci\u00f3n Civil.<\/p>\n<p>Cruz Maga\u00f1a mencion\u00f3 que durante este periodo vacacional se implement\u00f3 operativos de alcoholimetr\u00eda en diversos puntos del municipio, con el objetivo de prevenir accidentes y sensibilizar a la poblaci\u00f3n sobre los riesgos de conducir bajo los influjos del alcohol, aplic\u00e1ndose en total 1,169 pruebas y resultando 370 positivas.<\/p>\n<p>\u00abFue un trabajo coordinado con las Secretar\u00edas de Salud, Movilidad, de la Juventud y las Polic\u00edas Federales, estatales y municipales\u00bb sostuvo el director de Protecci\u00f3n Civil municipal.<\/p>\n<p>El funcionario tras destacar este saldo blanco agradeci\u00f3 el apoyo de los tres niveles de gobierno y de la ciudadan\u00eda por adoptar estas medidas preventivas y disfrutar sanamente de este periodo vacacional.<\/p>\n","protected":false},"excerpt":{"rendered":"<p>Coquimatl\u00e1n, Colima, 22 de Abril de 2019.- Durante este periodo vacacional se registr\u00f3 la afluencia de 32 mil personas a los distintos centros de recreaci\u00f3n del municipio, con un saldo blanco, sin accidentes ni incidentes que lamentar, inform\u00f3 Edson Felipe Cruz Maga\u00f1a, titular de la Direcci\u00f3n Municipal de Protecci\u00f3n Civil. Cruz Maga\u00f1a mencion\u00f3 que durante&#8230;<\/p>\n","protected":false},"author":2,"featured_media":4237,"comment_status":"open","ping_status":"open","sticky":false,"template":"","format":"standard","meta":{"footnotes":""},"categories":[41,8],"tags":[29,30,28],"class_list":["post-4236","post","type-post","status-publish","format-standard","has-post-thumbnail","hentry","category-coquimatlan","category-municipios","tag-grid","tag-news","tag-slider"],"_links":{"self":[{"href":"http:\/\/elobservatorio.com.mx\/index.php?rest_route=\/wp\/v2\/posts\/4236"}],"collection":[{"href":"http:\/\/elobservatorio.com.mx\/index.php?rest_route=\/wp\/v2\/posts"}],"about":[{"href":"http:\/\/elobservatorio.com.mx\/index.php?rest_route=\/wp\/v2\/types\/post"}],"author":[{"embeddable":true,"href":"http:\/\/elobservatorio.com.mx\/index.php?rest_route=\/wp\/v2\/users\/2"}],"replies":[{"embeddable":true,"href":"http:\/\/elobservatorio.com.mx\/index.php?rest_route=%2Fwp%2Fv2%2Fcomments&post=4236"}],"version-history":[{"count":0,"href":"http:\/\/elobservatorio.com.mx\/index.php?rest_route=\/wp\/v2\/posts\/4236\/revisions"}],"wp:featuredmedia":[{"embeddable":true,"href":"http:\/\/elobservatorio.com.mx\/index.php?rest_route=\/wp\/v2\/media\/4237"}],"wp:attachment":[{"href":"http:\/\/elobservatorio.com.mx\/index.php?rest_route=%2Fwp%2Fv2%2Fmedia&parent=4236"}],"wp:term":[{"taxonomy":"category","embeddable":true,"href":"http:\/\/elobservatorio.com.mx\/index.php?rest_route=%2Fwp%2Fv2%2Fcategories&post=4236"},{"taxonomy":"post_tag","embeddable":true,"href":"http:\/\/elobservatorio.com.mx\/index.php?rest_route=%2Fwp%2Fv2%2Ftags&post=4236"}],"curies":[{"name":"wp","href":"https:\/\/api.w.org\/{rel}","templated":true}]}}