{"id":4241,"date":"2019-04-23T20:20:35","date_gmt":"2019-04-23T20:20:35","guid":{"rendered":"http:\/\/elobservatorio.com.mx\/maribel-guardia-aprovechara-los-beneficios-que-tendra-de-la-tercera-edad"},"modified":"2019-04-23T20:20:35","modified_gmt":"2019-04-23T20:20:35","slug":"maribel-guardia-aprovechara-los-beneficios-que-tendra-de-la-tercera-edad","status":"publish","type":"post","link":"http:\/\/elobservatorio.com.mx\/?p=4241","title":{"rendered":"Maribel Guardia aprovechar\u00e1 los beneficios que tendr\u00e1 de la tercera edad"},"content":{"rendered":"<p><em>*Est\u00e1 a punto de cumplir 60 a\u00f1os, cuesti\u00f3n que no le preocupa en lo absoluto\u00a0<\/em><\/p>\n<p><strong>En unos d\u00edas, Maribel Guardia cumplir\u00e1 60 a\u00f1os<\/strong>, y con ello entrar\u00e1 a la llamada tercera edad,\u00a0<strong>cuesti\u00f3n que no le preocupa en lo absoluto<\/strong>, pues piensa aprovechar los beneficios de esa etapa en su vida.<\/p>\n<div id=\"div-gpt-ad-1548262875188-0\" data-google-query-id=\"CK-XxteC5-ECFQ51AQodL1IK6A\">\n<div id=\"google_ads_iframe_\/1001694\/INF_intext_1_0__container__\">En entrevista para el programa \u00abHoy\u00bb, <strong>la cantante respondi\u00f3 que s\u00ed piensa hacer uso de la tarjeta que otorga el Instituto Nacional de las Personas Adultas Mayores, INAPAM<\/strong>.<\/div>\n<\/div>\n<div id=\"div-pos-2\"><\/div>\n<div id=\"div-gpt-ad-1539621500235-0\" data-google-query-id=\"CJPt19eC5-ECFYUBPwodRB4PWg\">\n<div id=\"google_ads_iframe_\/1001694\/1x1Desktop_0__container__\"><strong>\u00abMe voy a subir al metro, bienvenidos esos beneficios\u00bb, respondi\u00f3<\/strong>\u00a0con una sonrisa.<\/div>\n<\/div>\n<p>La tambi\u00e9n actriz, quien lleva una estricta dieta y se ejercita diariamente, expres\u00f3 que disfrutar\u00e1 la llegada de los 60 a\u00f1os, y record\u00f3 que es una persona con mucha energ\u00eda que baila bastante en sus shows.<\/p>\n","protected":false},"excerpt":{"rendered":"<p>*Est\u00e1 a punto de cumplir 60 a\u00f1os, cuesti\u00f3n que no le preocupa en lo absoluto\u00a0 En unos d\u00edas, Maribel Guardia cumplir\u00e1 60 a\u00f1os, y con ello entrar\u00e1 a la llamada tercera edad,\u00a0cuesti\u00f3n que no le preocupa en lo absoluto, pues piensa aprovechar los beneficios de esa etapa en su vida. En entrevista para el programa&#8230;<\/p>\n","protected":false},"author":2,"featured_media":4242,"comment_status":"open","ping_status":"open","sticky":false,"template":"","format":"standard","meta":{"footnotes":""},"categories":[32],"tags":[29,30,28],"class_list":["post-4241","post","type-post","status-publish","format-standard","has-post-thumbnail","hentry","category-escenario","tag-grid","tag-news","tag-slider"],"_links":{"self":[{"href":"http:\/\/elobservatorio.com.mx\/index.php?rest_route=\/wp\/v2\/posts\/4241"}],"collection":[{"href":"http:\/\/elobservatorio.com.mx\/index.php?rest_route=\/wp\/v2\/posts"}],"about":[{"href":"http:\/\/elobservatorio.com.mx\/index.php?rest_route=\/wp\/v2\/types\/post"}],"author":[{"embeddable":true,"href":"http:\/\/elobservatorio.com.mx\/index.php?rest_route=\/wp\/v2\/users\/2"}],"replies":[{"embeddable":true,"href":"http:\/\/elobservatorio.com.mx\/index.php?rest_route=%2Fwp%2Fv2%2Fcomments&post=4241"}],"version-history":[{"count":0,"href":"http:\/\/elobservatorio.com.mx\/index.php?rest_route=\/wp\/v2\/posts\/4241\/revisions"}],"wp:featuredmedia":[{"embeddable":true,"href":"http:\/\/elobservatorio.com.mx\/index.php?rest_route=\/wp\/v2\/media\/4242"}],"wp:attachment":[{"href":"http:\/\/elobservatorio.com.mx\/index.php?rest_route=%2Fwp%2Fv2%2Fmedia&parent=4241"}],"wp:term":[{"taxonomy":"category","embeddable":true,"href":"http:\/\/elobservatorio.com.mx\/index.php?rest_route=%2Fwp%2Fv2%2Fcategories&post=4241"},{"taxonomy":"post_tag","embeddable":true,"href":"http:\/\/elobservatorio.com.mx\/index.php?rest_route=%2Fwp%2Fv2%2Ftags&post=4241"}],"curies":[{"name":"wp","href":"https:\/\/api.w.org\/{rel}","templated":true}]}}