{"id":4264,"date":"2019-04-24T21:50:00","date_gmt":"2019-04-24T21:50:00","guid":{"rendered":"http:\/\/elobservatorio.com.mx\/felipe-cruz-agradece-a-ciudadanos-a-6-meses-de-su-administracion"},"modified":"2019-04-24T21:50:00","modified_gmt":"2019-04-24T21:50:00","slug":"felipe-cruz-agradece-a-ciudadanos-a-6-meses-de-su-administracion","status":"publish","type":"post","link":"http:\/\/elobservatorio.com.mx\/?p=4264","title":{"rendered":"Felipe Cruz agradece a ciudadanos, a 6 meses de su Administraci\u00f3n"},"content":{"rendered":"<p><em>*A seis meses de nuestra administraci\u00f3n municipal, es importante agradecer a los ciudadanos por la oportunidad de servirles.<\/em><\/p>\n<p>As\u00ed lo expres\u00f3 el Presidente Municipal Felipe Cruz, quien hizo un breve recuento de actividades realizadas por la administraci\u00f3n a su cargo; al respecto, indic\u00f3 que en Villa de \u00c1lvarez ha sido prioritaria la democracia, de ah\u00ed que, con el voto ciudadano fueron renovadas las 12 comisar\u00edas de las comunidades rurales y, con respecto a los 128 Comit\u00e9s de Barrio, \u201cllevamos renovados 115\u201d.<\/p>\n<p>En este recuento de labores por seis meses, el alcalde destac\u00f3 la implementaci\u00f3n de la audiencia p\u00fablica MEJORANDO TU COMUNIDAD, cada jueves, donde tiene oportunidad de conversar personalmente con los ciudadanos y sus familias; tambi\u00e9n, expres\u00f3 que desde hace seis meses tenemos PUERTAS ABIERTAS en la Presidencia Municipal\u201d; adem\u00e1s, en Obra P\u00fablica \u201cpusimos dos COLECTORES PLUVIALES, en la calle Jer\u00f3nimo Arzac y el cruce de las avenidas Ni\u00f1os H\u00e9roes y Pablo Silva, de modo que ya no habr\u00e1 inundaciones pluviales en diez colonias\u201d.<\/p>\n<p>Con relaci\u00f3n a otros temas importantes, como SEGURIDAD P\u00daBLICA, el alcalde puntualiz\u00f3 que su administraci\u00f3n recibi\u00f3 \u00fanicamente 7 patrullas, y que, a la fecha, el \u00e1rea de Seguridad cuenta con 18 unidades funcionando, y en breve ser\u00e1n 25 en total; adem\u00e1s, dijo, \u201cadquirimos chalecos antibalas y uniformes, y todos los d\u00edas estamos llevando charlas y reuniones a escuelas y colonias, sobre PREVENCI\u00d3N DEL DELITO y el programa YO TE CUIDO, T\u00da ME CUIDAS, porque cuidar a los villalvarenses y su patrimonio es nuestro principal objetivo\u201d.<\/p>\n<p>Un aspecto m\u00e1s que mencion\u00f3 el edil villalvarense fue el rezago en el pago de algunas prestaciones laborales de los trabajadores del Ayuntamiento, sobre el que est\u00e1 trabajando \u201cpara que se les brinde un mejor servicio a los ciudadanos; en cuanto a limpieza, alumbrado y saneamiento de espacios p\u00fablicos, hab\u00eda mucha basura y ramas en la v\u00eda p\u00fablica y 3 mil luminarias apagadas, y \u201choy estamos limpiando cada espacio p\u00fablico y ya reparamos 2,500 luminarias\u201d.<\/p>\n<p>En otro tema, \u201csomos facilitadores de apertura de empresas y empleos; entregamos 30 tablets a microempresarios y llevamos registrado un padr\u00f3n de 400 personas que buscan emprender negocios y mejorar los que ya tienen\u201d; con respecto a las comunidades rurales, adem\u00e1s de la renovaci\u00f3n de las autoridades auxiliares \u201chemos rehabilitado 25 kil\u00f3metros de caminos sacacosechas, arreglamos el alumbrado p\u00fablico y entregamos a ganaderos 30 silos forrajeros, con orientaci\u00f3n profesional y gratuita\u201d.<\/p>\n<p>Finalmente, Cruz Calvario aludi\u00f3 a los 162 Festejos Charrotaurinos, en lols que hubo saldo blanco y actividades novedosas, como la Final de Street Soccer, la Feria del Caballo EQUUM y la presentaci\u00f3n de la Orquesta Infantil y Juvenil Esperanza Azteca.<\/p>\n","protected":false},"excerpt":{"rendered":"<p>*A seis meses de nuestra administraci\u00f3n municipal, es importante agradecer a los ciudadanos por la oportunidad de servirles. As\u00ed lo expres\u00f3 el Presidente Municipal Felipe Cruz, quien hizo un breve recuento de actividades realizadas por la administraci\u00f3n a su cargo; al respecto, indic\u00f3 que en Villa de \u00c1lvarez ha sido prioritaria la democracia, de ah\u00ed&#8230;<\/p>\n","protected":false},"author":2,"featured_media":4265,"comment_status":"open","ping_status":"open","sticky":false,"template":"","format":"standard","meta":{"footnotes":""},"categories":[8,42],"tags":[29,30,28],"class_list":["post-4264","post","type-post","status-publish","format-standard","has-post-thumbnail","hentry","category-municipios","category-villa-de-alvarez","tag-grid","tag-news","tag-slider"],"_links":{"self":[{"href":"http:\/\/elobservatorio.com.mx\/index.php?rest_route=\/wp\/v2\/posts\/4264"}],"collection":[{"href":"http:\/\/elobservatorio.com.mx\/index.php?rest_route=\/wp\/v2\/posts"}],"about":[{"href":"http:\/\/elobservatorio.com.mx\/index.php?rest_route=\/wp\/v2\/types\/post"}],"author":[{"embeddable":true,"href":"http:\/\/elobservatorio.com.mx\/index.php?rest_route=\/wp\/v2\/users\/2"}],"replies":[{"embeddable":true,"href":"http:\/\/elobservatorio.com.mx\/index.php?rest_route=%2Fwp%2Fv2%2Fcomments&post=4264"}],"version-history":[{"count":0,"href":"http:\/\/elobservatorio.com.mx\/index.php?rest_route=\/wp\/v2\/posts\/4264\/revisions"}],"wp:featuredmedia":[{"embeddable":true,"href":"http:\/\/elobservatorio.com.mx\/index.php?rest_route=\/wp\/v2\/media\/4265"}],"wp:attachment":[{"href":"http:\/\/elobservatorio.com.mx\/index.php?rest_route=%2Fwp%2Fv2%2Fmedia&parent=4264"}],"wp:term":[{"taxonomy":"category","embeddable":true,"href":"http:\/\/elobservatorio.com.mx\/index.php?rest_route=%2Fwp%2Fv2%2Fcategories&post=4264"},{"taxonomy":"post_tag","embeddable":true,"href":"http:\/\/elobservatorio.com.mx\/index.php?rest_route=%2Fwp%2Fv2%2Ftags&post=4264"}],"curies":[{"name":"wp","href":"https:\/\/api.w.org\/{rel}","templated":true}]}}