{"id":4267,"date":"2019-04-24T21:56:08","date_gmt":"2019-04-24T21:56:08","guid":{"rendered":"http:\/\/elobservatorio.com.mx\/nacho-peralta-y-sus-mareos"},"modified":"2019-04-24T21:56:08","modified_gmt":"2019-04-24T21:56:08","slug":"nacho-peralta-y-sus-mareos","status":"publish","type":"post","link":"http:\/\/elobservatorio.com.mx\/?p=4267","title":{"rendered":"Nacho Peralta y sus mareos"},"content":{"rendered":"<p><em>Jueves 25 de Abril 2019<\/em><\/p>\n<p><strong><em>\u201c<\/em><\/strong><strong><em>Tan pronto como los pol\u00edticos saben que pueden asesinar sin miedo al castigo o culpa, asesinan<\/em><\/strong><strong><em>\u201d<\/em><\/strong><\/p>\n<p><strong><em>\u00a0\u00a0\u00a0\u00a0\u00a0\u00a0\u00a0\u00a0\u00a0\u00a0\u00a0\u00a0 <\/em><\/strong><strong>Simone Weil.<\/strong><\/p>\n<p><strong><em>Javier Montes Camarena *\u00a0 Locutor y Periodista\u00a0\u00a0 &lt;&gt;\u00a0 <\/em><\/strong><a href=\"http:\/\/www.enlacemanzanillo.com\" target=\"_blank\" rel=\"noopener\"><strong><em>www.enlacemanzanillo.com<\/em><\/strong><\/a><\/p>\n<p><strong>D\u00e9jenme decirles que: <\/strong>Ante tantas estupideces, prostituciones, corrupciones, olvidos, ocurrencias y dislates pol\u00edticos del Gobernador de Colima <strong>Jos\u00e9 Ignacio Peralta S\u00e1nchez<\/strong> m\u00e1s vale que evite sus mareos.<\/p>\n<p>Muchos y variados son los s\u00edntomas para sacar de su cajita el <strong><em>dramamine<\/em><\/strong> para la sensaci\u00f3n de aturdimiento ligero y v\u00e9rtigo, pero, desafortunadamente los motivos pol\u00edticos son ya, muchos y muy variados.<\/p>\n<p>Pero no se vayan con la finta, urge se prevengan ya los mareos de un Gobierno ya en liquidaci\u00f3n por ineficiente, ladr\u00f3n, asesino, prostituido y corrupto.<\/p>\n<p>Recomendamos qu\u00e9, de aqu\u00ed al 2021 <strong>Nacho Peralta<\/strong> ingiera pastillas a discreci\u00f3n y, de ser posible, se agarre de un barandal.<\/p>\n<p>En el Colima abandonado a su suerte por el irresponsable viajero frecuente, de mal nombre, y peores ma\u00f1as llamado <strong>Nacho Peralta<\/strong>, no dejan de ocurrir graves situaciones y, sin embargo, no pasa nada en este Gobierno marcado ya, con un desprestigio nauseabundo.<\/p>\n<p>Sabemos que con el mandatario colimense no hay plan de salida debido a sus constantes ausencias, problemas y errores, propios y ajenos que, desde el inicio de su maldita administraci\u00f3n le est\u00e1n reventando en Palacio de Gobierno.<\/p>\n<p>Esta situaci\u00f3n se ha traducido en una atmosfera enrarecida con olor a muerte, corrupciones e incertidumbres. Lo m\u00e1s graves es que, en vez de ventilarse ese ambiente, se ha sobresaturado.<\/p>\n<p>No hay que extra\u00f1arse si los problemas y los errores de <strong>Nacho Peralta<\/strong> est\u00e1n descompuestos y, hoy, despiden un tufo de desasosiego con tintes de inestabilidad criminal, su negligencia y pusilanimidad lo han arrastrado hasta la tumba del jovencito de 16 a\u00f1os asesinado en una org\u00eda sexual organizada y pagada por su gobierno y, su entonces secretario de Turismo.<\/p>\n<p>A las puertas de Palacio llegan ese y muchos problemas como el de su Secretario de Salud Estatal y, <strong>Nacho Peralta<\/strong> s\u00f3lo los mira esperando que se resuelvan solos.<\/p>\n<p>Desde las alturas de los aviones observa absorto el derrumbe de su administraci\u00f3n y, a la luz de la filosof\u00eda oficial, muy en boga, deja llegar los problemas a las puertas de Palacio, lo cual, para \u00e9l, no implica novedad.<\/p>\n<p>A tres a\u00f1os de haberse coronado, grandes y peque\u00f1as contrariedades comenzaron a alcanzar al soberano y, absurdamente, \u00e9ste invirti\u00f3 los roles, se convirti\u00f3 en el mandadero mareado del ex Gobernador <strong>Fernando Moreno Pe\u00f1a<\/strong> y, de su t\u00edo inc\u00f3modo <strong>H\u00e9ctor S\u00e1nchez de la Madrid.<\/strong><\/p>\n<p>En este caso, el mareo del Gobernador <strong>Jos\u00e9 Ignacio Peralta S\u00e1nchez<\/strong> le ha provocado una sensaci\u00f3n muy intensa de v\u00e9rtigo, de ah\u00ed, sus consultas a <strong>Fernando <\/strong>y<strong> H\u00e9ctor<\/strong>, sus m\u00e9dicos de cabecera.<\/p>\n<p>Del desacierto de la Comunicaci\u00f3n Social del Gobierno estatal, mejor ni hablar.<\/p>\n<p>Sus estrategas, un par de imb\u00e9ciles como Fernando<strong> Pollo<\/strong> Cruz y <strong>Bandolero D\u00edaz Gayt\u00e1n<\/strong> que solo emboscaron a <strong>Nacho Peralta<\/strong>, pretextando protegerlo, cuando en realidad, se han dejado ver como dos ladrones de cuello negro que lo han llevado al rid\u00edculo.<\/p>\n<p>Lo exhibieron donde no deb\u00edan y, lo ocultaron, como al \u201cburro que toc\u00f3 la flauta\u201d cuando mejor se desenvolv\u00eda.<\/p>\n<p><strong>Nacho Peralta<\/strong> nunca ha dialogado, concertado o acordado por dos sencillas razones: la primera, nunca est\u00e1 en Colima, dos, siempre se sienta y, deja que le pase la sensaci\u00f3n de mareo.<\/p>\n<p>El Gobernador de Colima siempre radicaliza sus posturas llev\u00e1ndolas al extremo, hoy, ya descalific\u00f3 al Fiscal General del Estado al que de un plumazo lo retrato como un fiscal inservible, sin embargo, ha llevado a la <strong>CIAPACOV<\/strong> a un verdadero ladr\u00f3n, un tipo c\u00ednico y sinverg\u00fcenza como <strong>Nicol\u00e1s Contreras Cort\u00e9s<\/strong>, un lastre que servir\u00e1 para que <strong>Nacho Peralta<\/strong> tenga a su disposici\u00f3n $u caja chica.<\/p>\n<p>Hay desde luego, otros motivos para que <strong>Nacho Peralta<\/strong> sienta mareos.<\/p>\n<p>Una forma de detectar el malestar provocado por sus estupideces, corrupciones, ocurrencias y, dislates pol\u00edticos que le provocan n\u00e1useas y v\u00f3mitos, zumbido de o\u00eddos, perdida del equilibrio, problemas de visi\u00f3n acompa\u00f1ados de la \u201cpercepci\u00f3n\u201d de que los morenazos dominicanos no lo dejan dormir porque\u2026 &lt; viven lejos &gt; y, pierde el sue\u00f1o, esos mareos son de preocupar.<\/p>\n<p><strong>URGENTEMENTE<\/strong>: Tiene que consultar a sus m\u00e9dicos de cabecera.<\/p>\n<p>Recomendaci\u00f3n: A <strong>Nacho Peralta<\/strong> decirle que cuando sienta mareos y, su cabecita de vueltas una y, otra vez y, en su cerebrito aparezca una org\u00eda interminable, que se tome la caja completa de <strong><em>dramamine.<\/em><\/strong><\/p>\n<p>Ah\u00ed se ven.<\/p>\n<p><strong>ENLACITOS<\/strong><\/p>\n<p><strong>Ahora bombera: <\/strong>Los dioses amarillos del <strong>PRD<\/strong> invocaron a la del <strong>Chaleco M\u00edado<\/strong> y, de repente, apareci\u00f3 en la glorieta del velero la alcaldesa <strong>Griselda Mart\u00ednez<\/strong> en la farsa del<strong> pulpo <\/strong>incendiado, llamas, que nunca se vieron.<\/p>\n<p>Mamotreto fabricado y orquestado para su lucimiento personal y, autonombrarse la salvadora del horrible <strong>Ostupos<\/strong> que mand\u00f3 colocar su ahora amigo el Gobernador <strong>Nacho Peralta.<\/strong><\/p>\n<p><strong>Del amor al odio <\/strong>siempre hay un paso, ya se dio ese paso y, muy pronto veremos a <strong>Griselda Mart\u00ednez<\/strong> en el<strong> PRI<\/strong> de Colima de la mano del due\u00f1o del priismo. No es novedad despu\u00e9s de que la perredista <strong>Mart\u00ednez<\/strong> haya despotricado en contra de <strong>MORENA <\/strong>y la <strong>4T.<\/strong><\/p>\n<p>\u00bfPor cierto, qu\u00e9 casualidad que la del <strong>Chaleco M\u00edado<\/strong> (ahora bombera) haya pasado justo en ese momento que el Pulpo de <strong>Nacho<\/strong> se \u00bfincendiaba? acompa\u00f1ada de c\u00e1maras y micr\u00f3fonos?\u00a0 \u00a1Milagro, milagro \u00a1<\/p>\n<p><strong>&lt;&lt;&lt;&gt;&gt;&gt;\u00a0<\/strong><\/p>\n<p><strong>El dinero y lo pendejo: <\/strong>Un l\u00edder obrero (<strong>CROM<\/strong>), dos que tres pudientes constructores de puertos y varios agentes navieros vienen siendo extorsionados por el director de la Administraci\u00f3n Portuaria Integral de Manzanillo (<strong>APIman<\/strong>) con grandes sumas de dinero para pagar \u201cChayoteros\u201d de la prensa, radio y revistas de Colima y Manzanillo.<\/p>\n<p>Lamentable que el Capit\u00e1n <strong>H\u00e9ctor Mora G\u00f3mez<\/strong> recurra al sobado recur<strong>$<\/strong>o de los <strong>$<\/strong>obrecitos con grandes cantidades de dinero para callar conciencias, silenciar plumas, tapar bocas y micr\u00f3fonos, igualito que el anterior director de <strong>API <\/strong>Ovidio Noval.<\/p>\n<p>\u00bfSi <strong>Hern\u00e1n Cisneros Montes<\/strong> hablara que no dir\u00eda?<\/p>\n<p><strong>Lo dicho.<\/strong> El dinero y lo pendejo nunca se pueden ocultar. Vaya <strong>4T<\/strong><\/p>\n<p>Estoy en: <a href=\"http:\/\/www.lealtad.com\" target=\"_blank\" rel=\"noopener\"><strong>www.lealtad.com<\/strong><\/a><strong> \u2013 ipuntocom.mx \u2013 lineasdelgadas.com &#8211;\u00a0 www.enlacemanzanillo.com<\/strong><\/p>\n<p>&nbsp;<\/p>\n","protected":false},"excerpt":{"rendered":"<p>Jueves 25 de Abril 2019 \u201cTan pronto como los pol\u00edticos saben que pueden asesinar sin miedo al castigo o culpa, asesinan\u201d \u00a0\u00a0\u00a0\u00a0\u00a0\u00a0\u00a0\u00a0\u00a0\u00a0\u00a0\u00a0 Simone Weil. Javier Montes Camarena *\u00a0 Locutor y Periodista\u00a0\u00a0 &lt;&gt;\u00a0 www.enlacemanzanillo.com D\u00e9jenme decirles que: Ante tantas estupideces, prostituciones, corrupciones, olvidos, ocurrencias y dislates pol\u00edticos del Gobernador de Colima Jos\u00e9 Ignacio Peralta S\u00e1nchez m\u00e1s&#8230;<\/p>\n","protected":false},"author":2,"featured_media":4143,"comment_status":"open","ping_status":"open","sticky":false,"template":"","format":"standard","meta":{"footnotes":""},"categories":[11],"tags":[29,30,28],"class_list":["post-4267","post","type-post","status-publish","format-standard","has-post-thumbnail","hentry","category-opinion","tag-grid","tag-news","tag-slider"],"_links":{"self":[{"href":"http:\/\/elobservatorio.com.mx\/index.php?rest_route=\/wp\/v2\/posts\/4267"}],"collection":[{"href":"http:\/\/elobservatorio.com.mx\/index.php?rest_route=\/wp\/v2\/posts"}],"about":[{"href":"http:\/\/elobservatorio.com.mx\/index.php?rest_route=\/wp\/v2\/types\/post"}],"author":[{"embeddable":true,"href":"http:\/\/elobservatorio.com.mx\/index.php?rest_route=\/wp\/v2\/users\/2"}],"replies":[{"embeddable":true,"href":"http:\/\/elobservatorio.com.mx\/index.php?rest_route=%2Fwp%2Fv2%2Fcomments&post=4267"}],"version-history":[{"count":0,"href":"http:\/\/elobservatorio.com.mx\/index.php?rest_route=\/wp\/v2\/posts\/4267\/revisions"}],"wp:featuredmedia":[{"embeddable":true,"href":"http:\/\/elobservatorio.com.mx\/index.php?rest_route=\/wp\/v2\/media\/4143"}],"wp:attachment":[{"href":"http:\/\/elobservatorio.com.mx\/index.php?rest_route=%2Fwp%2Fv2%2Fmedia&parent=4267"}],"wp:term":[{"taxonomy":"category","embeddable":true,"href":"http:\/\/elobservatorio.com.mx\/index.php?rest_route=%2Fwp%2Fv2%2Fcategories&post=4267"},{"taxonomy":"post_tag","embeddable":true,"href":"http:\/\/elobservatorio.com.mx\/index.php?rest_route=%2Fwp%2Fv2%2Ftags&post=4267"}],"curies":[{"name":"wp","href":"https:\/\/api.w.org\/{rel}","templated":true}]}}