{"id":4329,"date":"2019-04-27T02:54:34","date_gmt":"2019-04-27T02:54:34","guid":{"rendered":"http:\/\/elobservatorio.com.mx\/%e2%80%9ctransformar-la-educacion-con-lectura%e2%80%9d"},"modified":"2019-04-27T02:54:34","modified_gmt":"2019-04-27T02:54:34","slug":"%e2%80%9ctransformar-la-educacion-con-lectura%e2%80%9d","status":"publish","type":"post","link":"http:\/\/elobservatorio.com.mx\/?p=4329","title":{"rendered":"\u201cTransformar la educaci\u00f3n, con lectura\u201d"},"content":{"rendered":"<p class=\"x_p2\"><strong><span class=\"x_s1\">PARACA\u00cdDAS\u00a0<\/span><\/strong><\/p>\n<p class=\"x_p2\"><em><span class=\"x_s1\">Rogelio Guedea<\/span><\/em><\/p>\n<p class=\"x_p2\"><span class=\"x_s1\">Ayer se aprob\u00f3 la nueva reforma educativa en la C\u00e1mara de Diputados, con 381 votos a favor, 79 en contra y con 2 abstenciones. Se impuso la mayor\u00eda morenista y con esto se consigui\u00f3 abrogar la reforma educativa propuesta en la administraci\u00f3n de Pe\u00f1a Nieto, la cual hab\u00eda implementado un plan de evaluaci\u00f3n que no hab\u00eda dejado para nada satisfecho al magisterio y que \u00e9sta nueva reforma lo cancela, una de las resoluciones m\u00e1s relevantes de esta nueva reforma.<\/span><\/p>\n<p class=\"x_p2\"><span class=\"x_s1\"> Como es de esperarse,\u00a0 la discusi\u00f3n se polariz\u00f3 entre aquellos que se opon\u00edan a esta Reforma (esencialmente la oposici\u00f3n lopezobradorista m\u00e1s aguerrida: el PAN) y aquellos que la avalaban (el grupo morenista de filiaci\u00f3n lopezobradorista). Unos y otros expusieron sus razones con respecto a una reforma que, en el fondo, no parece que vaya a resolver el problema de la educaci\u00f3n en nuestro pa\u00eds, aunque todav\u00eda habr\u00eda que esperar los aspectos que constituir\u00e1n el modelo educativo que acompa\u00f1ar\u00e1 este nuevo cambio, en el cual se anunci\u00f3 ya la inclusi\u00f3n del civismo en la curricula. <\/span><\/p>\n<p class=\"x_p2\"><span class=\"x_s1\">La oposici\u00f3n advierte que esta reforma promueve la venta de plazas, una pr\u00e1ctica que ha sido un c\u00e1ncer para nuestro sistema educativo, sin embargo los promotores de la reforma ven como un gran logro (que lo es) proteger al maestro de un programa de evaluaci\u00f3n que era m\u00e1s bien persecutorio y hostigante. <\/span><\/p>\n<p class=\"x_p2\"><span class=\"x_s1\">Entiendo que la base de esta nueva reforma educativa es proteger tanto a maestros como alumnos y adem\u00e1s asegurar que las condiciones con que esta educaci\u00f3n se imparte (infraestructura, recursos y materiales educativos, etc) sean los \u00f3ptimos, pero tambi\u00e9n es cierto que no se ha hablado de un \u00e1mbito que es toral para la formaci\u00f3n integral de la sociedad y que transforma las culturas: la lectura. <\/span><\/p>\n<p class=\"x_p2\"><span class=\"x_s1\">Un programa de lectura que fuera tambi\u00e9n parte inmanente de esta reforma y que estuviera integrado a la curricula, como una materia m\u00e1s o parte de la propia materia de espa\u00f1ol, ser\u00eda realmente revolucionario para nuestro sistema nacional. No festivales de lectura, tampoco bibliotecas escolares desligadas de la curricula, menos talleres de lectura, nada de eso funciona como tener un programa de lectura eje de la curricula escolar, con maestros capacitados obviamente para llevarlo a cabo. <\/span><\/p>\n<p class=\"x_p2\"><span class=\"x_s1\">\u00a0La lectura es lo que marca la diferencia entre una sociedad civilizada y una barb\u00e1rica, y mientras no se forme este h\u00e1bito desde la infancia y desde la escuela, porque sabemos que no siempre hay condiciones \u00f3ptimas en los hogares, entonces seguiremos construyendo sociedades civilizadamente a medias, acentuando las diferencias entre clases sociales e impidiendo el di\u00e1logo real entre los diferentes sectores de la sociedad. Una sociedad en donde s\u00f3lo las clases privilegiadas podr\u00e1n tener acceso a la buena educaci\u00f3n. <\/span><\/p>\n<p class=\"x_p2\"><span class=\"x_s1\">Espero realmente que con el \u00e9nfasis que le est\u00e1 dando este nuevo gobierno a la lectura y al libro, nuestra nueva reforma educativa no olvide este \u00e1mbito tan importante para el desarrollo de la sociedad. Si no se pone el \u00e9nfasis en esto, no habr\u00e1 reforma educativa que pueda revolucionar y, por extensi\u00f3n, revolucionarnos.<\/span><\/p>\n<p>&nbsp;<\/p>\n<div id=\"x_AppleMailSignature\" dir=\"ltr\">\n<div>Rogelio Guedea<\/div>\n<div><a href=\"http:\/\/www.rogelioguedea.com\/\" target=\"_blank\" rel=\"noopener noreferrer\" data-auth=\"NotApplicable\">www.rogelioguedea.com<\/a><\/div>\n<div>@rogelioguedea<\/div>\n<div><a href=\"http:\/\/www.facebook.com\/rogelioguedea\" target=\"_blank\" rel=\"noopener noreferrer\" data-auth=\"NotApplicable\">www.facebook.com\/rogelioguedea<\/a><\/div>\n<\/div>\n","protected":false},"excerpt":{"rendered":"<p>PARACA\u00cdDAS\u00a0 Rogelio Guedea Ayer se aprob\u00f3 la nueva reforma educativa en la C\u00e1mara de Diputados, con 381 votos a favor, 79 en contra y con 2 abstenciones. Se impuso la mayor\u00eda morenista y con esto se consigui\u00f3 abrogar la reforma educativa propuesta en la administraci\u00f3n de Pe\u00f1a Nieto, la cual hab\u00eda implementado un plan de&#8230;<\/p>\n","protected":false},"author":2,"featured_media":1053,"comment_status":"open","ping_status":"open","sticky":false,"template":"","format":"standard","meta":{"footnotes":""},"categories":[11],"tags":[29,30,28],"class_list":["post-4329","post","type-post","status-publish","format-standard","has-post-thumbnail","hentry","category-opinion","tag-grid","tag-news","tag-slider"],"_links":{"self":[{"href":"http:\/\/elobservatorio.com.mx\/index.php?rest_route=\/wp\/v2\/posts\/4329"}],"collection":[{"href":"http:\/\/elobservatorio.com.mx\/index.php?rest_route=\/wp\/v2\/posts"}],"about":[{"href":"http:\/\/elobservatorio.com.mx\/index.php?rest_route=\/wp\/v2\/types\/post"}],"author":[{"embeddable":true,"href":"http:\/\/elobservatorio.com.mx\/index.php?rest_route=\/wp\/v2\/users\/2"}],"replies":[{"embeddable":true,"href":"http:\/\/elobservatorio.com.mx\/index.php?rest_route=%2Fwp%2Fv2%2Fcomments&post=4329"}],"version-history":[{"count":0,"href":"http:\/\/elobservatorio.com.mx\/index.php?rest_route=\/wp\/v2\/posts\/4329\/revisions"}],"wp:featuredmedia":[{"embeddable":true,"href":"http:\/\/elobservatorio.com.mx\/index.php?rest_route=\/wp\/v2\/media\/1053"}],"wp:attachment":[{"href":"http:\/\/elobservatorio.com.mx\/index.php?rest_route=%2Fwp%2Fv2%2Fmedia&parent=4329"}],"wp:term":[{"taxonomy":"category","embeddable":true,"href":"http:\/\/elobservatorio.com.mx\/index.php?rest_route=%2Fwp%2Fv2%2Fcategories&post=4329"},{"taxonomy":"post_tag","embeddable":true,"href":"http:\/\/elobservatorio.com.mx\/index.php?rest_route=%2Fwp%2Fv2%2Ftags&post=4329"}],"curies":[{"name":"wp","href":"https:\/\/api.w.org\/{rel}","templated":true}]}}