{"id":4333,"date":"2019-04-27T04:01:32","date_gmt":"2019-04-27T04:01:32","guid":{"rendered":"http:\/\/elobservatorio.com.mx\/ponen-en-marcha-subasta-de-ganado-y-canje-de-maquinaria-agricola-y-ganadera-usada"},"modified":"2019-04-27T04:01:32","modified_gmt":"2019-04-27T04:01:32","slug":"ponen-en-marcha-subasta-de-ganado-y-canje-de-maquinaria-agricola-y-ganadera-usada","status":"publish","type":"post","link":"http:\/\/elobservatorio.com.mx\/?p=4333","title":{"rendered":"Ponen en marcha subasta de ganado y canje de maquinaria agricola y ganadera usada"},"content":{"rendered":"<p>El Presidente Municipal Felipe Cruz, acompa\u00f1ado por el Secretario de Desarrollo Rural de Gobierno del Estado, Agust\u00edn Morales, y por funcionarios estatales y municipales, puso en marcha una subasta de ganado y canje de maquinaria agr\u00edcola y ganadera usada, en el recinto ferial de Villa de \u00c1lvarez.<\/p>\n<p>Esta actividad, que arranc\u00f3 al mediod\u00eda de este viernes, congrega a ganaderos y campesinos, y consiste en que toda persona que cuente con ganado y herramientas de campo, que considere que puede canjear con otros campesinos, puede acudir al recinto ferial, negociar y hacer el trueque respectivo; en esta din\u00e1mica, se tiene contemplado que este s\u00e1bado sea rifado un toro semental entre los asistentes, a las 13:00 horas.<\/p>\n<p>Acompa\u00f1aron al alcalde villalvarense y al Secretario de Desarrollo Rural, entre otros funcionarios, Ram\u00f3n Hueso Alcaraz, director de Desarrollo Rural del gobierno estatal; Marco Antonio P\u00e9rez Garc\u00eda, encargado de Financiera Rural; \u00a0Jorge Salazar Barrag\u00e1n, presidente de la Uni\u00f3n Ganadera Regional; Jorge Fern\u00e1ndez Cerda, administrador del Patronato de los Festejos Charro taurinos de Villa de \u00c1lvarez;\u00a0 Fidel Morales Garc\u00eda, director de Desarrollo Rural del Ayuntamiento de Villa de \u00c1lvarez; y Adolfo Orozco Olivera, representante de un grupo de productores unidos de Juluapan y Zacualpan .<\/p>\n","protected":false},"excerpt":{"rendered":"<p>El Presidente Municipal Felipe Cruz, acompa\u00f1ado por el Secretario de Desarrollo Rural de Gobierno del Estado, Agust\u00edn Morales, y por funcionarios estatales y municipales, puso en marcha una subasta de ganado y canje de maquinaria agr\u00edcola y ganadera usada, en el recinto ferial de Villa de \u00c1lvarez. Esta actividad, que arranc\u00f3 al mediod\u00eda de este&#8230;<\/p>\n","protected":false},"author":2,"featured_media":4334,"comment_status":"open","ping_status":"open","sticky":false,"template":"","format":"standard","meta":{"footnotes":""},"categories":[8,42],"tags":[29,30,28],"class_list":["post-4333","post","type-post","status-publish","format-standard","has-post-thumbnail","hentry","category-municipios","category-villa-de-alvarez","tag-grid","tag-news","tag-slider"],"_links":{"self":[{"href":"http:\/\/elobservatorio.com.mx\/index.php?rest_route=\/wp\/v2\/posts\/4333"}],"collection":[{"href":"http:\/\/elobservatorio.com.mx\/index.php?rest_route=\/wp\/v2\/posts"}],"about":[{"href":"http:\/\/elobservatorio.com.mx\/index.php?rest_route=\/wp\/v2\/types\/post"}],"author":[{"embeddable":true,"href":"http:\/\/elobservatorio.com.mx\/index.php?rest_route=\/wp\/v2\/users\/2"}],"replies":[{"embeddable":true,"href":"http:\/\/elobservatorio.com.mx\/index.php?rest_route=%2Fwp%2Fv2%2Fcomments&post=4333"}],"version-history":[{"count":0,"href":"http:\/\/elobservatorio.com.mx\/index.php?rest_route=\/wp\/v2\/posts\/4333\/revisions"}],"wp:featuredmedia":[{"embeddable":true,"href":"http:\/\/elobservatorio.com.mx\/index.php?rest_route=\/wp\/v2\/media\/4334"}],"wp:attachment":[{"href":"http:\/\/elobservatorio.com.mx\/index.php?rest_route=%2Fwp%2Fv2%2Fmedia&parent=4333"}],"wp:term":[{"taxonomy":"category","embeddable":true,"href":"http:\/\/elobservatorio.com.mx\/index.php?rest_route=%2Fwp%2Fv2%2Fcategories&post=4333"},{"taxonomy":"post_tag","embeddable":true,"href":"http:\/\/elobservatorio.com.mx\/index.php?rest_route=%2Fwp%2Fv2%2Ftags&post=4333"}],"curies":[{"name":"wp","href":"https:\/\/api.w.org\/{rel}","templated":true}]}}