{"id":4336,"date":"2019-04-27T20:21:37","date_gmt":"2019-04-27T20:21:37","guid":{"rendered":"http:\/\/elobservatorio.com.mx\/fueron-alcaldes-y-hoy-a-esto-se-dedican"},"modified":"2019-04-27T20:28:53","modified_gmt":"2019-04-27T20:28:53","slug":"fueron-alcaldes-y-hoy-a-esto-se-dedican","status":"publish","type":"post","link":"http:\/\/elobservatorio.com.mx\/?p=4336","title":{"rendered":"Fueron alcaldes y hoy a esto se dedican"},"content":{"rendered":"<p><em>*\u00bfEn los \u00faltimos\u00a018 a\u00f1os \u00bfQu\u00e9 hacen los ex presidentes municipales o c\u00f3mo les fue despu\u00e9s de su gesti\u00f3n a los \u00faltimos 6 alcaldes que ha tenido Tecom\u00e1n?. Aqu\u00ed te decimos que fue y ha sido\u00a0 de ellos.\u00a0<\/em><\/p>\n<p>El Observatorio Noticias<\/p>\n<p>Tecom\u00e1n Col.- No todo lo que brilla es oro, y no a todos los alcaldes que han salido del municipio de Tecom\u00e1n les ha ido bien, como se supone les debe ir por haber sido el presidente municipal de su municipio y tener la m\u00e1xima representaci\u00f3n en el mismo.<\/p>\n<p>Cabe recordar que antes del a\u00f1o 2 mil era el PRI el que hab\u00eda estado ganando ininterrumpidamente, y fue a partir del a\u00f1o dos mil, trienio que encabezaba el priista <strong>Oscar Avalos Verdugo,<\/strong> hasta el \u00faltimo 2018 que fue encabezado por quien lleg\u00f3 al poder con las siglas del PAN, Guadalupe Garc\u00eda Negrete, en el municipio ha estado presente la alternancia, incluso para el periodo 2018- 2021, gan\u00f3<strong> El\u00edas Lozano<\/strong> con las siglas de <strong>MORENA<\/strong>.<\/p>\n<p>Pero veremos c\u00f3mo les fue durante y despu\u00e9s de su gesti\u00f3n como alcaldes.<\/p>\n<p><strong>OSCAR AVALOS VERDUGO(PRI), PERIODO 2000-2003<\/strong><\/p>\n<p><img loading=\"lazy\" decoding=\"async\" class=\"alignnone size-full wp-image-4337\" src=\"http:\/\/noticiastecoman.com.mx\/wp-content\/uploads\/2019\/04\/OscarAvalos.jpg\" alt=\"\" width=\"500\" height=\"350\" srcset=\"http:\/\/elobservatorio.com.mx\/wp-content\/uploads\/2019\/04\/OscarAvalos.jpg 500w, http:\/\/elobservatorio.com.mx\/wp-content\/uploads\/2019\/04\/OscarAvalos-300x210.jpg 300w, http:\/\/elobservatorio.com.mx\/wp-content\/uploads\/2019\/04\/OscarAvalos-320x224.jpg 320w, http:\/\/elobservatorio.com.mx\/wp-content\/uploads\/2019\/04\/OscarAvalos-100x70.jpg 100w\" sizes=\"(max-width: 500px) 100vw, 500px\" \/><\/p>\n<p>-En el trienio 2000- 2003 que fue encabezado por el priista <strong>Oscar Avalos Verdugo<\/strong>, el hecho que marc\u00f3 la administraci\u00f3n fue el sismo que azot\u00f3 al estado en donde las oficinas municipales tuvieron que salir al jard\u00edn municipal porque el edificio hab\u00eda quedado inhabilitado para laborar y por ello se dedic\u00f3 a levantarlo y gestionar ayuda para apoyar a las familias que sufrieron da\u00f1os en sus viviendas.<\/p>\n<p>En ese entonces vino hasta Tecom\u00e1n el mismo d\u00eda del sismo, el presidente de la rep\u00fablica de extracci\u00f3n panista, Vicente Fox Quezada, quien, junto con el gobernador en turno, Fernando Moreno Pe\u00f1a, levantaron un an\u00e1lisis de los da\u00f1os causados por este fen\u00f3meno natural.<\/p>\n<p>Oscar Avalos Verdugo le entreg\u00f3 el poder a la primera administraci\u00f3n panista, que encabez\u00f3 el agro productor El\u00edas Mart\u00ednez Delgadillo. En las pasadas elecciones fue candidato a diputado local por el PRI y perdi\u00f3 las elecciones. Actualmente sigue laborando en la funci\u00f3n p\u00fablica como Director Estatal del Agua, adem\u00e1s fue recientemente presidente estatal del Consejo Estatal de Productores de Lim\u00f3n (COEPLIM), productor limonero y cuenta con una empresa dedicada al ramo de la fabricaci\u00f3n y venta de materiales p\u00e9treos. Sigue viviendo en el mismo domicilio en Tecom\u00e1n, adem\u00e1s\u00a0 comparte mucha parte de su tiempo en la organizaci\u00f3n de encuentros espirituales en el templo de la Lupita<\/p>\n<p>&nbsp;<\/p>\n<p><b>ELIAS MARTINEZ DELGADILLO (PAN), PER\u00cdODO 2003- 2006<\/b><\/p>\n<p><img loading=\"lazy\" decoding=\"async\" class=\"aligncenter wp-image-4338 size-full\" src=\"http:\/\/noticiastecoman.com.mx\/wp-content\/uploads\/2019\/04\/elias-martinez.jpg\" alt=\"\" width=\"442\" height=\"294\" srcset=\"http:\/\/elobservatorio.com.mx\/wp-content\/uploads\/2019\/04\/elias-martinez.jpg 442w, http:\/\/elobservatorio.com.mx\/wp-content\/uploads\/2019\/04\/elias-martinez-300x200.jpg 300w\" sizes=\"(max-width: 442px) 100vw, 442px\" \/><\/p>\n<p>Fue el primer alcalde de extracci\u00f3n panista, su administraci\u00f3n fue de las m\u00e1s pol\u00e9micas, marcando su periodo una huelga con el sindicato de trabajadores al servicio del Ayuntamiento, que se prolong\u00f3 dos a\u00f1os, iniciando en el primer a\u00f1o de su administraci\u00f3n y concluyendo al final de su gesti\u00f3n<\/p>\n<p>Por ser de un partido distinto al del poder estatal, no cont\u00f3 al cien por ciento con el respaldo del gobernador en turno (a\u00f1o y meses de Gustavo V\u00e1zquez Montes y cuatro de Silverio Cavazos), en el gobierno federal continu\u00f3 en el poder el PAN con Vicente Fox, momento que era aprovechado por el alcalde para realizar gestiones para el municipio.<\/p>\n<p>Durante la permanencia del conflicto sindical,<strong> El\u00edas Mart\u00ednez Delgadillo<\/strong>\u00a0 tuvo que salir a despachar al parque Gonz\u00e1lez Lugo porque todas las oficinas municipales estuvieron tomadas, sin embargo, pese a ese obst\u00e1culo el alcalde se mantuvo firme y logr\u00f3 salir su administraci\u00f3n. Al final se le pagaron 120 millones de pesos al sindicato de salarios ca\u00eddos y se levant\u00f3 la huelga<\/p>\n<p>Le entreg\u00f3 el poder al priista Juan Carlos Pinto Rodr\u00edguez, actualmente El\u00edas Mart\u00ednez sigue en su rancho como productor de hortalizas, actividad a la que se dedicaba antes de ser alcalde. Adem\u00e1s, es socio de una empresa de asesor\u00eda y ayuda emocional. Desde que sali\u00f3 como alcalde se regres\u00f3 a su actividad agroempresarial y sigue viviendo en Tecom\u00e1n.<\/p>\n<p><b>JUAN CARLOS PINTO RODR\u00cdGUEZ (PRI) 2006- 2009<\/b><\/p>\n<p><img loading=\"lazy\" decoding=\"async\" class=\"alignnone wp-image-4339 size-full\" src=\"http:\/\/noticiastecoman.com.mx\/wp-content\/uploads\/2019\/04\/JUAN-CARLOS-PINTO-Medium.jpg\" alt=\"\" width=\"900\" height=\"477\" srcset=\"http:\/\/elobservatorio.com.mx\/wp-content\/uploads\/2019\/04\/JUAN-CARLOS-PINTO-Medium.jpg 900w, http:\/\/elobservatorio.com.mx\/wp-content\/uploads\/2019\/04\/JUAN-CARLOS-PINTO-Medium-300x159.jpg 300w, http:\/\/elobservatorio.com.mx\/wp-content\/uploads\/2019\/04\/JUAN-CARLOS-PINTO-Medium-768x407.jpg 768w\" sizes=\"(max-width: 900px) 100vw, 900px\" \/><\/p>\n<p><strong>\u00a0<\/strong>Despu\u00e9s de haber vivido una administraci\u00f3n panista que su trienio lleg\u00f3 a dividir a la poblaci\u00f3n por haber perdido una huelga que se prolong\u00f3 por dos a\u00f1os, recupera la alcald\u00eda nuevamente el PRI a trav\u00e9s de <strong>Juan Carlos Pinto Rodr\u00edguez<\/strong>, \u00e9poca tambi\u00e9n donde Colima sufre la p\u00e9rdida de un gobernador tecomense, Gustavo V\u00e1zquez Montes, continuando en el poder estatal otro tecomense, Silverio Cavazos Ceballos (QEPD).<\/p>\n<p>Derivado a que Juan Carlos Pinto Rodr\u00edguez proven\u00eda del entonces llamado <em>\u201cGrupo Tecom\u00e1n\u201d<\/em>, con Silverio Cavazos en el poder y adem\u00e1s por el sentimiento pol\u00edtico de la reciente p\u00e9rdida de Gustavo V\u00e1zquez, los tecomenses le dieron la confianza a Pinto Rodr\u00edguez porque idealizaron que ser\u00edan los tres mejores a\u00f1os del municipio dado a que bajar\u00edan millonarios recursos para Tecom\u00e1n.<\/p>\n<p>Fue un trienio que pas\u00f3 desapercibido, sin embargo, por tener un gobernador tecomense al municipio le llegaron autom\u00e1ticamente recursos millonarios para obras de gran magnitud que actualmente siguen sirviendo a los tecomenses como la remodelaci\u00f3n del centro hist\u00f3rico y el malec\u00f3n Real \u2013 Pascuales, que fueron de las m\u00e1s importantes.<\/p>\n<p>Pinto Rodr\u00edguez le entreg\u00f3 el poder al panista <strong>Sa\u00fal Maga\u00f1a Madrigal<\/strong>, actualmente trabaja en el PRI estatal donde tiene la cartera de la dirigencia estatal del MT. Es de uno de los ex alcaldes que no se le conoci\u00f3 que haya hecho alguna fortuna, propiedades o negocios a costa del erario., incluso al concluir su periodo rentaba una casa por la colonia El Chamizal. Aunque ya no vive en Tecom\u00e1n, pero sigue en el puesto pol\u00edtico de donde antes de ser alcalde sali\u00f3, regres\u00f3 al Movimiento Territorial del PRI<\/p>\n<p><b>SA\u00daL<\/b><strong>\u00a0MAGA\u00d1A MADRIGAL(PAN) 2009 \u2013 2012<\/strong><\/p>\n<p><img loading=\"lazy\" decoding=\"async\" class=\"aligncenter wp-image-4340 size-full\" src=\"http:\/\/noticiastecoman.com.mx\/wp-content\/uploads\/2019\/04\/saul-maga\u00f1a.jpg\" alt=\"\" width=\"900\" height=\"470\" srcset=\"http:\/\/elobservatorio.com.mx\/wp-content\/uploads\/2019\/04\/saul-maga\u00f1a.jpg 900w, http:\/\/elobservatorio.com.mx\/wp-content\/uploads\/2019\/04\/saul-maga\u00f1a-300x157.jpg 300w, http:\/\/elobservatorio.com.mx\/wp-content\/uploads\/2019\/04\/saul-maga\u00f1a-768x401.jpg 768w\" sizes=\"(max-width: 900px) 100vw, 900px\" \/><\/p>\n<p>Decepcionados por haber vivido un periodo en donde poco se avanz\u00f3 pese a tener un alcalde emanado del <em>grupo Tecom\u00e1n<\/em> y de tener a un gobernador que empez\u00f3 a marearse en el poder por beneficiar a su grupo de amigos y, tras perder el PRI nuevamente las elecciones federales en donde nuevamente el PAN contin\u00faa en el poder a trav\u00e9s de <strong>Felipe Calder\u00f3n<\/strong>. Fueron factores que llevaron a Sa\u00fal Maga\u00f1a Madrigal a la presidencia municipal y as\u00ed el PAN recuper\u00f3 el poder.<\/p>\n<p>Debido al poco o quiz\u00e1s nulo conocimiento que ten\u00eda de la funci\u00f3n y administraci\u00f3n p\u00fablica, Sa\u00fal Maga\u00f1a deleg\u00f3 responsabilidades y comparti\u00f3 el poder absoluto que se le hab\u00eda conferido al grupo de amistades, agradeciendo con ello el haberle otorgado la oportunidad de hacerlo presidente municipal, recayendo sobre todo en los hermanos Araujo Rinc\u00f3n y otros m\u00e1s que se compart\u00edan el poder y las ganancias de los grandes negocios hechos a costa del poder.<\/p>\n<p>Fue tambi\u00e9n otra de las administraciones grises, pero que tambi\u00e9n recibi\u00f3 la amenaza del l\u00edder sindical <strong>Audelino Flores Jurado<\/strong> de hacerle un paro laboral si no se le pagaban adeudos ya acumulados de administraciones anteriores. Fue entonces que el alcalde acudi\u00f3 a la ciudad de M\u00e9xico a gestionar el recurso ante el gobierno federal, logrando pagarle al sindicato, siendo esto uno de sus \u201cmayores logros\u201d como alcalde.<\/p>\n<p>Sa\u00fal Maga\u00f1a le entreg\u00f3 el poder a <strong>H\u00e9ctor Ra\u00fal V\u00e1zquez Montes<\/strong>, tras su salida como alcalde, el congreso del estado le calific\u00f3 las cuentas p\u00fablicas encontr\u00e1ndose irregularidades, situaci\u00f3n que el PRI aprovech\u00f3 para asustarlo con procedimientos penales y traicion\u00f3 al PAN, trabajando a partir de ah\u00ed para los candidatos del PRI a trav\u00e9s del partido Verde. Adem\u00e1s, debido a un pleito con sus amigos con los que hab\u00eda llegado a la presidencia y les comparti\u00f3 el poder, tras un desacuerdo comercial, Sa\u00fal Maga\u00f1a se sinti\u00f3 desprotegido y busc\u00f3 el cobijo en el PRI, donde le dieron trabajo en la secretar\u00eda de Desarrollo Rural. Tras su salida de la alcald\u00eda se le conoci\u00f3 la adquisici\u00f3n de una residencia ubicada por la ex hacienda del Carmen, en Colima.<\/p>\n<p>Actualmente, tras la derrota del PRI en el pa\u00eds y en gran parte de Colima, Sa\u00fal Maga\u00f1a qued\u00f3 desempleado y est\u00e1 en la necesidad de irse a los Estados Unidos a buscar en anhelado sue\u00f1o americano, pero no cuenta con la visa.<\/p>\n<p><strong>H\u00c9CTOR RA\u00daL V\u00c1ZQUEZ MONTES (PRI) 2012- 2015<\/strong><\/p>\n<p><img loading=\"lazy\" decoding=\"async\" class=\"alignnone wp-image-4341 size-full\" src=\"http:\/\/noticiastecoman.com.mx\/wp-content\/uploads\/2019\/04\/hector-vazquez.jpg\" alt=\"\" width=\"900\" height=\"661\" srcset=\"http:\/\/elobservatorio.com.mx\/wp-content\/uploads\/2019\/04\/hector-vazquez.jpg 900w, http:\/\/elobservatorio.com.mx\/wp-content\/uploads\/2019\/04\/hector-vazquez-300x220.jpg 300w, http:\/\/elobservatorio.com.mx\/wp-content\/uploads\/2019\/04\/hector-vazquez-768x564.jpg 768w\" sizes=\"(max-width: 900px) 100vw, 900px\" \/><\/p>\n<p>Retomando la figura pol\u00edtica del extinto gobernador Gustavo V\u00e1zquez Montes, llega al poder el hermano de \u00e9ste, <strong>H\u00e9ctor Ra\u00fal V\u00e1zquez Montes<\/strong> y nuevamente el PRI recupera el poder.<\/p>\n<p>A su llegada, tiene todo para que el municipio logre avanzar, el PRI sigue en el poder estatal a trav\u00e9s ya de Mario Anguiano y Enrique Pe\u00f1a Nieto como presidente de la rep\u00fablica, adem\u00e1s un congreso del estado con mayor\u00eda priista.<\/p>\n<p>Aunque se rode\u00f3 de gente que ya estando en el cargo trat\u00f3 de controlar el poder pol\u00edtico a la vez aprovechar el cargo para hacer grandes negocios, Tito V\u00e1zquez no lo permiti\u00f3, maximiz\u00f3 y aprovecho el potencial y las relaciones pol\u00edticas que ten\u00eda para hacer gestiones para el desarrollo del municipio.<\/p>\n<p>Marc\u00f3 su administraci\u00f3n por tratar de cumplir todas las promesas que hizo en campa\u00f1a, siempre buscando la forma de cosechar frutos, para ello aprovech\u00f3 la llegada de Enrique Pe\u00f1a Nieto al poder, y que al inicio de su sexenio plasm\u00f3 en el Plan Nacional de Desarrollo precisamente dos promesas que Tito V\u00e1zquez hizo en campa\u00f1a.<\/p>\n<p>Siendo la primera, la segunda etapa de la construcci\u00f3n del Libramiento Carretero que va del Limonero hacia los Perritos Bailarines, llamado Arco Sur Poniente \u201cRub\u00e9n Tello\u201d, as\u00ed como la construcci\u00f3n del Parque Metropolitano.<\/p>\n<p>Dichas obras fueron tan anunciadas, que en su administraci\u00f3n no se construyeron, pero que finalmente se concretaron y hoy son una realidad, en su periodo fueron de las m\u00e1s anunciadas, importantes y trascendentales porque iniciaron las negociaciones de que ser\u00eda una realidad.<\/p>\n<p>Tito V\u00e1zquez siempre fue conciliador, incansable gestor y buen pol\u00edtico, pese a que no compart\u00eda el poder, su equipo o grupo pol\u00edtico lo respald\u00f3. Actualmente sigue viviendo en Tecom\u00e1n, la p\u00e9rdida de dos m\u00e1s de sus hermanos lo ha mantenido ubicado y tranquilo. Termin\u00f3 el periodo sexenal como delegado del INAES, regres\u00f3 a sus actividades a Tecom\u00e1n y hoy vive de los ahorros que logr\u00f3 como alcalde y que los puso a trabajar en negocios que le han sido redituables. No se le conoce desv\u00edo de recursos, o al menos el Congreso del Estado no le ha notificado nada. Vive en el domicilio donde viv\u00eda su se\u00f1or padre el \u201cpap\u00e1 To\u00f1o\u201d, como as\u00ed le dec\u00eda de cari\u00f1o.<\/p>\n<p><strong>GUADALUPE GARC\u00cdA NEGRETE 2015 2018<\/strong><\/p>\n<p><img loading=\"lazy\" decoding=\"async\" class=\"alignnone wp-image-4342 size-full\" src=\"http:\/\/noticiastecoman.com.mx\/wp-content\/uploads\/2019\/04\/LupilloGarcia9.jpg\" alt=\"\" width=\"800\" height=\"534\" srcset=\"http:\/\/elobservatorio.com.mx\/wp-content\/uploads\/2019\/04\/LupilloGarcia9.jpg 800w, http:\/\/elobservatorio.com.mx\/wp-content\/uploads\/2019\/04\/LupilloGarcia9-300x200.jpg 300w, http:\/\/elobservatorio.com.mx\/wp-content\/uploads\/2019\/04\/LupilloGarcia9-768x513.jpg 768w, http:\/\/elobservatorio.com.mx\/wp-content\/uploads\/2019\/04\/LupilloGarcia9-600x400.jpg 600w\" sizes=\"(max-width: 800px) 100vw, 800px\" \/><\/p>\n<p><strong>\u00a0<\/strong>Producto de una campa\u00f1a de hartazgo social en Colima, en esas elecciones por primera vez el PAN en Colima gana 6 de las diez alcald\u00edas y mayor\u00eda en el Congreso del Estado, quedando a un poco m\u00e1s de 500 votos para lograr la gubernatura del estado. \u00a0Es as\u00ed como dentro de esos seis municipios, el Partido Acci\u00f3n Nacional a trav\u00e9s del productor limonero, <strong>Lupillo Garc\u00eda Negrete<\/strong>, recupera la presidencia municipal.<\/p>\n<p>Siempre destac\u00f3 por ser beligerante, dicharachero, aprovechaba cada reuni\u00f3n y visitas de funcionarios estatales y federales para realizar gestiones para Tecom\u00e1n, logrando resultados como le gesti\u00f3n de recursos para la rehabilitaci\u00f3n del Libramiento Fernando Moreno Pe\u00f1a que estaba destrozado, adem\u00e1s la pavimentaci\u00f3n del entronque de la comunidad de Chanchopa a Cofrad\u00eda de Hidalgo, el Kiosco del Jard\u00edn principal y la remodelaci\u00f3n del Andador L\u00f3pez Mateos, aunque le falt\u00f3 poner orden a los ambulantes que est\u00e1n invadiendo, dej\u00e1ndole el problema a la actual administraci\u00f3n.<\/p>\n<p>Combati\u00f3 en\u00e9rgicamente las exigencias del l\u00edder sindical, <strong>Audelino Flores Jurado<\/strong>, para ello siempre cont\u00f3 con el respaldo de mismos ex gobernadores priistas y del propio gobernador del estado Ignacio Peralta, que siempre estuvieron detr\u00e1s de este movimiento a favor de Lupillo Garc\u00eda.<\/p>\n<p>Sin embargo, tambi\u00e9n tuvo sus pormenores, y lo que finalmente molest\u00f3 a gran parte de la ciudadan\u00eda fueron los operativos viales a diestra y siniestra que se realizaban, detenciones en donde cobraban cantidades considerables de dinero a los detenidos o infractores. Eso fue algo que marc\u00f3 su administraci\u00f3n, situaci\u00f3n que se registro en el ultimo a\u00f1o de su administraci\u00f3n.<\/p>\n<p>Garc\u00eda Negrete le entreg\u00f3 el poder a <strong>El\u00edas Lozano<\/strong>, un personaje ajeno a Tecom\u00e1n que lleg\u00f3 con las siglas de MORENA. Actualmente Lupillo sigue contando con la amistad de pol\u00edticos como <strong>Fernando Moreno Pe\u00f1a<\/strong>, <strong>Mario Anguiano Moreno<\/strong> y el mismo gobernador del estado, <strong>Ignacio Peralta S\u00e1nchez<\/strong>, con quien siguen reuni\u00e9ndose constantemente en uno de sus ranchos. para hablar hasta de negocios y de la amistad que los une.<\/p>\n<p>Lupillo vive en Tecom\u00e1n en el mismo domicilio, y tiene las propiedades, negocios y sociedades comerciales que ten\u00eda antes de ser presidente municipal. Hasta el momento no ha sido se\u00f1alado por desviar recursos o de haberse enriquecido a costa del erario.\u00a0 Tampoco enfrenta alguna denuncia penal o que est\u00e9 sujeto a investigaci\u00f3n como resultado de su gesti\u00f3n como alcalde<\/p>\n<p>&nbsp;<\/p>\n","protected":false},"excerpt":{"rendered":"<p>*\u00bfEn los \u00faltimos\u00a018 a\u00f1os \u00bfQu\u00e9 hacen los ex presidentes municipales o c\u00f3mo les fue despu\u00e9s de su gesti\u00f3n a los \u00faltimos 6 alcaldes que ha tenido Tecom\u00e1n?. Aqu\u00ed te decimos que fue y ha sido\u00a0 de ellos.\u00a0 El Observatorio Noticias Tecom\u00e1n Col.- No todo lo que brilla es oro, y no a todos los alcaldes&#8230;<\/p>\n","protected":false},"author":2,"featured_media":4343,"comment_status":"open","ping_status":"open","sticky":false,"template":"","format":"standard","meta":{"footnotes":""},"categories":[8,10,34],"tags":[29,30,28],"class_list":["post-4336","post","type-post","status-publish","format-standard","has-post-thumbnail","hentry","category-municipios","category-politica","category-tecoman","tag-grid","tag-news","tag-slider"],"_links":{"self":[{"href":"http:\/\/elobservatorio.com.mx\/index.php?rest_route=\/wp\/v2\/posts\/4336"}],"collection":[{"href":"http:\/\/elobservatorio.com.mx\/index.php?rest_route=\/wp\/v2\/posts"}],"about":[{"href":"http:\/\/elobservatorio.com.mx\/index.php?rest_route=\/wp\/v2\/types\/post"}],"author":[{"embeddable":true,"href":"http:\/\/elobservatorio.com.mx\/index.php?rest_route=\/wp\/v2\/users\/2"}],"replies":[{"embeddable":true,"href":"http:\/\/elobservatorio.com.mx\/index.php?rest_route=%2Fwp%2Fv2%2Fcomments&post=4336"}],"version-history":[{"count":0,"href":"http:\/\/elobservatorio.com.mx\/index.php?rest_route=\/wp\/v2\/posts\/4336\/revisions"}],"wp:featuredmedia":[{"embeddable":true,"href":"http:\/\/elobservatorio.com.mx\/index.php?rest_route=\/wp\/v2\/media\/4343"}],"wp:attachment":[{"href":"http:\/\/elobservatorio.com.mx\/index.php?rest_route=%2Fwp%2Fv2%2Fmedia&parent=4336"}],"wp:term":[{"taxonomy":"category","embeddable":true,"href":"http:\/\/elobservatorio.com.mx\/index.php?rest_route=%2Fwp%2Fv2%2Fcategories&post=4336"},{"taxonomy":"post_tag","embeddable":true,"href":"http:\/\/elobservatorio.com.mx\/index.php?rest_route=%2Fwp%2Fv2%2Ftags&post=4336"}],"curies":[{"name":"wp","href":"https:\/\/api.w.org\/{rel}","templated":true}]}}