{"id":4361,"date":"2019-04-29T18:39:46","date_gmt":"2019-04-29T18:39:46","guid":{"rendered":"http:\/\/elobservatorio.com.mx\/desconoce-comision-de-asentamientos-humanos-proyecto-de-cines"},"modified":"2019-04-29T18:40:33","modified_gmt":"2019-04-29T18:40:33","slug":"desconoce-comision-de-asentamientos-humanos-proyecto-de-cines","status":"publish","type":"post","link":"http:\/\/elobservatorio.com.mx\/?p=4361","title":{"rendered":"Desconoce Comisi\u00f3n de Asentamientos Humanos proyecto de cines"},"content":{"rendered":"<p><em>*No ha llegado ninguna solicitud, por ser un proyecto de gran magnitud, hay que hacer cambios de uso de suelo y un estudio de impacto ambiental entre otros requisitos que vienen a darle seguridad a quienes visitar\u00e1n la plaza. Tambi\u00e9n se desconoce la inversi\u00f3n , dice Santiago Ch\u00e1vez\u00a0<\/em><\/p>\n<p><em>Belisario Romero | El Observatorio Noticias<\/em><\/p>\n<p>Tecom\u00e1n Col- Hasta el momento se desconoce el proyecto de las plazas de cines,\u00a0 ante esto busqu\u00e9 al director de Obras P\u00fablicas y Desarrollo Urbano, al <strong>Arq Belarmino Cordero<\/strong>, para que me diera informaci\u00f3n t\u00e9cnica y de manera verbal me inform\u00f3 que la \u00fanica licencia que tienen es la de demolici\u00f3n, pero eso es todo lo que existe.<\/p>\n<p>Lo anterior lo inform\u00f3 el regidor <strong>Santiago Ch\u00e1vez Ch\u00e1vez<\/strong>, presidente de la comisi\u00f3n de Asentamientos Humanos y Obras P\u00fablicas en el cabildo, se\u00f1alando que como presidente de la comisi\u00f3n y parte del consejo de Desarrollo Urbano, todo el proyecto general se tendr\u00e1 que analizar al interior,\u00a0 son gente experta, dicho consejo lo integran personas que tienen el conocimiento en espec\u00edfico de los asentamientos humanos<\/p>\n<p>Destac\u00f3 que lo primero que hay que valorar es la seguridad de la gente ya que ser\u00e1 un lugar donde habr\u00e1 una conglomeraci\u00f3n masiva por los cines, adem\u00e1s habr\u00e1 tiendas comerciales, y\u00a0como tecomense,\u00a0 empresario y ahora regidor,\u00a0 estoy a favor de todos los proyectos empresariales que se vengan a Tecom\u00e1n porque eso genera empleos y distribuci\u00f3n econ\u00f3mica para muchas familias , sin embargo como\u00a0 presidente de la comisi\u00f3n e integrante del consejo tenemos que analizar al interior de la comisi\u00f3n, en conjunto con ellos determinar en base a reglamentos y leyes el proceder o no proceder, asever\u00f3.<\/p>\n<p>\u00abLo digo de esta manera porque hay que cuidar todos los detalles porque habr\u00e1 conglomeraci\u00f3n masiva\u00a0 como es del conocimiento de todos, a un lado existe una gasolinera y al otro lado cruzando la calle existe un negocio de agroqu\u00edmicos y hay que cuidar todos los detalles\u00bb.<\/p>\n<p>el mun\u00edcipe adelant\u00f3 que ya que se haya tramitado el proyecto, tendr\u00e1 acercamientos con la \u00a0SEIDUR ya que ah\u00ed existe una direcci\u00f3n que es la de IMADES que de una u otra manera tambi\u00e9n ayudar\u00e1n en cuanto a la legislatura actual\u00a0 para la cuesti\u00f3n legal y\u00a0 as\u00ed no haya ning\u00fan problema.<\/p>\n<p>\u00abInsisto, hasta el momento desconozco el proyecto y lo \u00fanico que sabemos y lo que s\u00e9 es lo que dijo el presidente municipal, l\u00f3gicamente a mi se me hace muy favorable porque es algo que ha sido muy demandado,\u00a0 sin embargo hay que cuidar mucho el tema de seguridad e impacto ecol\u00f3gico,\u00a0 porque no ser\u00e1 una plaza comercial com\u00fan y corriente, sino que el fin primero\u00a0 es el cine y en el cine hay conglomeraci\u00f3n masiva\u00bb.<\/p>\n<p>Por \u00faltimo dijo estar a favor de los proyectos\u00a0 econ\u00f3micos para la generaci\u00f3n de empleos para Tecom\u00e1n,\u00a0 sobretodo de este,\u00a0 que es para que la gente que pueda ir al cine,\u00a0 \u00abque podamos ir ah\u00ed a comernos unas palomitas,\u00a0 un refresco y ver una pel\u00edcula,\u00a0 pero en este momento como regidor y presidente de la comisi\u00f3n,\u00a0 debemos de cuidar que la actual legislatura no se contrapuntee con la seguridad misma de la gente, se deben tomar las medidas necesarias e ir analizando el proyecto el cual no ha llegado a la comisi\u00f3n\u00bb.<\/p>\n<p><img loading=\"lazy\" decoding=\"async\" class=\"alignnone size-full wp-image-4362\" src=\"http:\/\/noticiastecoman.com.mx\/wp-content\/uploads\/2019\/04\/Ch\u00e1vez.jpg\" alt=\"\" width=\"900\" height=\"675\" srcset=\"http:\/\/elobservatorio.com.mx\/wp-content\/uploads\/2019\/04\/Ch\u00e1vez.jpg 900w, http:\/\/elobservatorio.com.mx\/wp-content\/uploads\/2019\/04\/Ch\u00e1vez-300x225.jpg 300w, http:\/\/elobservatorio.com.mx\/wp-content\/uploads\/2019\/04\/Ch\u00e1vez-768x576.jpg 768w\" sizes=\"(max-width: 900px) 100vw, 900px\" \/> <em><strong>Regidor Santiago Ch\u00e1vez\u00a0<\/strong><\/em><\/p>\n<p>&nbsp;<\/p>\n<p>&nbsp;<\/p>\n","protected":false},"excerpt":{"rendered":"<p>*No ha llegado ninguna solicitud, por ser un proyecto de gran magnitud, hay que hacer cambios de uso de suelo y un estudio de impacto ambiental entre otros requisitos que vienen a darle seguridad a quienes visitar\u00e1n la plaza. Tambi\u00e9n se desconoce la inversi\u00f3n , dice Santiago Ch\u00e1vez\u00a0 Belisario Romero | El Observatorio Noticias Tecom\u00e1n&#8230;<\/p>\n","protected":false},"author":2,"featured_media":4363,"comment_status":"open","ping_status":"open","sticky":false,"template":"","format":"standard","meta":{"footnotes":""},"categories":[8,34],"tags":[29,30,28],"class_list":["post-4361","post","type-post","status-publish","format-standard","has-post-thumbnail","hentry","category-municipios","category-tecoman","tag-grid","tag-news","tag-slider"],"_links":{"self":[{"href":"http:\/\/elobservatorio.com.mx\/index.php?rest_route=\/wp\/v2\/posts\/4361"}],"collection":[{"href":"http:\/\/elobservatorio.com.mx\/index.php?rest_route=\/wp\/v2\/posts"}],"about":[{"href":"http:\/\/elobservatorio.com.mx\/index.php?rest_route=\/wp\/v2\/types\/post"}],"author":[{"embeddable":true,"href":"http:\/\/elobservatorio.com.mx\/index.php?rest_route=\/wp\/v2\/users\/2"}],"replies":[{"embeddable":true,"href":"http:\/\/elobservatorio.com.mx\/index.php?rest_route=%2Fwp%2Fv2%2Fcomments&post=4361"}],"version-history":[{"count":0,"href":"http:\/\/elobservatorio.com.mx\/index.php?rest_route=\/wp\/v2\/posts\/4361\/revisions"}],"wp:featuredmedia":[{"embeddable":true,"href":"http:\/\/elobservatorio.com.mx\/index.php?rest_route=\/wp\/v2\/media\/4363"}],"wp:attachment":[{"href":"http:\/\/elobservatorio.com.mx\/index.php?rest_route=%2Fwp%2Fv2%2Fmedia&parent=4361"}],"wp:term":[{"taxonomy":"category","embeddable":true,"href":"http:\/\/elobservatorio.com.mx\/index.php?rest_route=%2Fwp%2Fv2%2Fcategories&post=4361"},{"taxonomy":"post_tag","embeddable":true,"href":"http:\/\/elobservatorio.com.mx\/index.php?rest_route=%2Fwp%2Fv2%2Ftags&post=4361"}],"curies":[{"name":"wp","href":"https:\/\/api.w.org\/{rel}","templated":true}]}}