{"id":4366,"date":"2019-04-29T18:57:40","date_gmt":"2019-04-29T18:57:40","guid":{"rendered":"http:\/\/elobservatorio.com.mx\/el-presidente-del-inai-ofrecera-una-conferencia-el-proximo-jueves"},"modified":"2019-04-29T18:57:40","modified_gmt":"2019-04-29T18:57:40","slug":"el-presidente-del-inai-ofrecera-una-conferencia-el-proximo-jueves","status":"publish","type":"post","link":"http:\/\/elobservatorio.com.mx\/?p=4366","title":{"rendered":"El presidente del INAI ofrecer\u00e1 una conferencia el pr\u00f3ximo jueves"},"content":{"rendered":"<p class=\"x_MsoNormal\">El presidente de la Comisi\u00f3n de Transparencia y Acceso a la Informaci\u00f3n del Congreso del Estado, Francisco Rodr\u00edguez Garc\u00eda anunci\u00f3 que el pr\u00f3ximo jueves 2 de mayo a las 10:00 de la ma\u00f1ana, el presidente del\u00a0Instituto Nacional de Acceso a la Informaci\u00f3n y Protecci\u00f3n de Datos (INAI), Francisco Javier Acu\u00f1a Llamas, ofrecer\u00e1 una conferencia magistral en la Facultad de Ciencias Pol\u00edticas y Sociales de la Universidad de Colima.<\/p>\n<p class=\"x_MsoNormal\">En rueda de prensa, el representante del Distrito VI explic\u00f3 que esta actividad forma parte de cuatro l\u00edneas de trabajo de la Comisi\u00f3n de Transparencia con la finalidad de generar una cultura entre la sociedad colimense sobre este rubro.<\/p>\n<p class=\"x_MsoNormal\">\u201cNos planteamos cuatro l\u00edneas de acci\u00f3n: la actualizaci\u00f3n del marco legal; la realizaci\u00f3n de foros; fomentar la creaci\u00f3n del Observatorio Ciudadano; y la celebraci\u00f3n de convenios con el INAI y con el Infocol\u201d, detall\u00f3 el diputado por el PAN.<\/p>\n<p class=\"x_MsoNormal\">Explic\u00f3 que en materia de transparencia, \u201cestamos marchando sobre tres pistas: por un lado tenemos un retraso en reformas a las leyes de transparencia. Por ejemplo Colima junto con Guanajuato sigue siendo los \u00fanicos estados donde todav\u00eda el gobernador propone quien va estar como comisionado en los organismos de transparencia\u201d.<\/p>\n<p class=\"x_MsoNormal\">En lo local, abund\u00f3 Paco Rodr\u00edguez, \u201cel Infocol no tiene las facultades fiscales para cobrar las multas (\u2026) no est\u00e1n ni facultados en la ley, y no existe un convenio con la Secretar\u00eda de Finanzas para hacerlo\u201d.<\/p>\n<p class=\"x_MsoNormal\">Agreg\u00f3 que los retrasos tambi\u00e9n son generados por la falta de enlaces de transparencia en las diversas instituciones, por lo que es necesario fortalecer a los entes obligados.<\/p>\n<p class=\"x_MsoNormal\">Finalmente, Rodr\u00edguez Garc\u00eda a\u00f1adi\u00f3 que espera que en un periodo corto de tiempo, se pueda generar un diplomado en materia de transparencia con la finalidad de que la ciudadan\u00eda conozca las herramientas de acceso a la informaci\u00f3n.<\/p>\n","protected":false},"excerpt":{"rendered":"<p>El presidente de la Comisi\u00f3n de Transparencia y Acceso a la Informaci\u00f3n del Congreso del Estado, Francisco Rodr\u00edguez Garc\u00eda anunci\u00f3 que el pr\u00f3ximo jueves 2 de mayo a las 10:00 de la ma\u00f1ana, el presidente del\u00a0Instituto Nacional de Acceso a la Informaci\u00f3n y Protecci\u00f3n de Datos (INAI), Francisco Javier Acu\u00f1a Llamas, ofrecer\u00e1 una conferencia magistral&#8230;<\/p>\n","protected":false},"author":2,"featured_media":4367,"comment_status":"open","ping_status":"open","sticky":false,"template":"","format":"standard","meta":{"footnotes":""},"categories":[1],"tags":[29,30,28],"class_list":["post-4366","post","type-post","status-publish","format-standard","has-post-thumbnail","hentry","category-espacio-legislativo","tag-grid","tag-news","tag-slider"],"_links":{"self":[{"href":"http:\/\/elobservatorio.com.mx\/index.php?rest_route=\/wp\/v2\/posts\/4366"}],"collection":[{"href":"http:\/\/elobservatorio.com.mx\/index.php?rest_route=\/wp\/v2\/posts"}],"about":[{"href":"http:\/\/elobservatorio.com.mx\/index.php?rest_route=\/wp\/v2\/types\/post"}],"author":[{"embeddable":true,"href":"http:\/\/elobservatorio.com.mx\/index.php?rest_route=\/wp\/v2\/users\/2"}],"replies":[{"embeddable":true,"href":"http:\/\/elobservatorio.com.mx\/index.php?rest_route=%2Fwp%2Fv2%2Fcomments&post=4366"}],"version-history":[{"count":0,"href":"http:\/\/elobservatorio.com.mx\/index.php?rest_route=\/wp\/v2\/posts\/4366\/revisions"}],"wp:featuredmedia":[{"embeddable":true,"href":"http:\/\/elobservatorio.com.mx\/index.php?rest_route=\/wp\/v2\/media\/4367"}],"wp:attachment":[{"href":"http:\/\/elobservatorio.com.mx\/index.php?rest_route=%2Fwp%2Fv2%2Fmedia&parent=4366"}],"wp:term":[{"taxonomy":"category","embeddable":true,"href":"http:\/\/elobservatorio.com.mx\/index.php?rest_route=%2Fwp%2Fv2%2Fcategories&post=4366"},{"taxonomy":"post_tag","embeddable":true,"href":"http:\/\/elobservatorio.com.mx\/index.php?rest_route=%2Fwp%2Fv2%2Ftags&post=4366"}],"curies":[{"name":"wp","href":"https:\/\/api.w.org\/{rel}","templated":true}]}}