{"id":4379,"date":"2019-04-30T19:10:53","date_gmt":"2019-04-30T19:10:53","guid":{"rendered":"http:\/\/elobservatorio.com.mx\/madre-e-hijo-asesinos"},"modified":"2019-04-30T19:10:53","modified_gmt":"2019-04-30T19:10:53","slug":"madre-e-hijo-asesinos","status":"publish","type":"post","link":"http:\/\/elobservatorio.com.mx\/?p=4379","title":{"rendered":"Madre e hijo asesinos"},"content":{"rendered":"<p><em>*Ultimaron una persona y lesionaron a otra cerca del Malec\u00f3n Lacustre.<\/em><\/p>\n<p>Elementos de la Fiscal\u00eda General del Estado detuvieron a un hombre y una mujer que de acuerdo con investigaciones ministeriales, en enero del presente a\u00f1o privaron de la vida a golpes a un hombre y lesionaron a otro en la Colonia Libertad de la Ciudad de Manzanillo.<\/p>\n<p>Con base en la indagatoria que se llev\u00f3 a cabo por estos hechos, durante la audiencia correspondiente el juez de control los vincul\u00f3 a proceso por el delito de homicidio calificado y tentativa de homicidio, siendo ingresados al Cereso en acatamiento a la medida cautelar.<\/p>\n<p>Se trata de una mujer de 48 a\u00f1os de edad y un sujeto de 29, que son madre e hijo y que de acuerdo con lo que establece la respectiva carpeta de investigaci\u00f3n, son responsables de estos hechos ocurridos cerca del Malec\u00f3n Lacustre ubicado en el puerto colimense.<\/p>\n<p>El trabajo de investigaci\u00f3n y persecuci\u00f3n de los delitos sigue permitiendo a la Fiscal\u00eda del Estado el esclarecimiento de los mismos y la captura de quienes son se\u00f1alados como responsables, a fin de entregaros a la autoridad competente para resolver su situaci\u00f3n legal.<\/p>\n<p>En estas tareas sigue siendo fundamental el apoyo de la sociedad a trav\u00e9s de las llamadas an\u00f3nimas a la l\u00ednea 089 y el reporte de las emergencias al 911; raz\u00f3n por la que se exhorta a que contin\u00fae haci\u00e9ndolo, y coadyuve en el objetivo lograr la justicia y evitar la impunidad.<\/p>\n<p>&nbsp;<\/p>\n","protected":false},"excerpt":{"rendered":"<p>*Ultimaron una persona y lesionaron a otra cerca del Malec\u00f3n Lacustre. Elementos de la Fiscal\u00eda General del Estado detuvieron a un hombre y una mujer que de acuerdo con investigaciones ministeriales, en enero del presente a\u00f1o privaron de la vida a golpes a un hombre y lesionaron a otro en la Colonia Libertad de la&#8230;<\/p>\n","protected":false},"author":2,"featured_media":4380,"comment_status":"open","ping_status":"open","sticky":false,"template":"","format":"standard","meta":{"footnotes":""},"categories":[15],"tags":[29,30,28],"class_list":["post-4379","post","type-post","status-publish","format-standard","has-post-thumbnail","hentry","category-seguridad-y-justicia","tag-grid","tag-news","tag-slider"],"_links":{"self":[{"href":"http:\/\/elobservatorio.com.mx\/index.php?rest_route=\/wp\/v2\/posts\/4379"}],"collection":[{"href":"http:\/\/elobservatorio.com.mx\/index.php?rest_route=\/wp\/v2\/posts"}],"about":[{"href":"http:\/\/elobservatorio.com.mx\/index.php?rest_route=\/wp\/v2\/types\/post"}],"author":[{"embeddable":true,"href":"http:\/\/elobservatorio.com.mx\/index.php?rest_route=\/wp\/v2\/users\/2"}],"replies":[{"embeddable":true,"href":"http:\/\/elobservatorio.com.mx\/index.php?rest_route=%2Fwp%2Fv2%2Fcomments&post=4379"}],"version-history":[{"count":0,"href":"http:\/\/elobservatorio.com.mx\/index.php?rest_route=\/wp\/v2\/posts\/4379\/revisions"}],"wp:featuredmedia":[{"embeddable":true,"href":"http:\/\/elobservatorio.com.mx\/index.php?rest_route=\/wp\/v2\/media\/4380"}],"wp:attachment":[{"href":"http:\/\/elobservatorio.com.mx\/index.php?rest_route=%2Fwp%2Fv2%2Fmedia&parent=4379"}],"wp:term":[{"taxonomy":"category","embeddable":true,"href":"http:\/\/elobservatorio.com.mx\/index.php?rest_route=%2Fwp%2Fv2%2Fcategories&post=4379"},{"taxonomy":"post_tag","embeddable":true,"href":"http:\/\/elobservatorio.com.mx\/index.php?rest_route=%2Fwp%2Fv2%2Ftags&post=4379"}],"curies":[{"name":"wp","href":"https:\/\/api.w.org\/{rel}","templated":true}]}}