{"id":4385,"date":"2019-04-30T19:26:35","date_gmt":"2019-04-30T19:26:35","guid":{"rendered":"http:\/\/elobservatorio.com.mx\/en-10-anos-se-pagara-deuda-del-gobierno-estatal-con-el-issste"},"modified":"2019-04-30T19:26:35","modified_gmt":"2019-04-30T19:26:35","slug":"en-10-anos-se-pagara-deuda-del-gobierno-estatal-con-el-issste","status":"publish","type":"post","link":"http:\/\/elobservatorio.com.mx\/?p=4385","title":{"rendered":"En 10 a\u00f1os se pagar\u00e1 deuda del gobierno estatal con el ISSSTE"},"content":{"rendered":"<p><em>*Se busca la pr\u00f3rroga para liquidar ese adeudo =Es delicado el adeudo, porque son retenciones de Afores y retiros, los trabajadores que se les dej\u00f3 de pagar<\/em><\/p>\n<p>Alfredo Quiles Cabrera<\/p>\n<p>El gobierno del Estado de Colima pretende negociar el pago del adeudo que mantiene con el ISSSTE \u201cen un plazo de 10 a\u00f1os\u201d, afirm\u00f3 el secretario de el secretario de Planeaci\u00f3n y Finanzas de la administraci\u00f3n estatal, Carlos Arturo Noriega Garc\u00eda.<\/p>\n<p>Noriega Garc\u00eda asisti\u00f3 este martes al Congreso del Estado con la finalidad de hacer entrega a esa representaci\u00f3n popular, a trav\u00e9s de la Comisi\u00f3n de Hacienda, Presupuesto y Fiscalizaci\u00f3n de los Recursos P\u00fablicos, la Cuenta P\u00fablica correspondiente al a\u00f1o 2018.<\/p>\n<p>Entrevistado sobre la negociaci\u00f3n que la administraci\u00f3n estatal de Jos\u00e9 Ignacio Peralta S\u00e1nchez ha iniciado ante la SHyCP y la Direcci\u00f3n General del ISSSTE para cubrir dicho adeudo que asciende a los 320 millones de pesos, el funcionario estatal consider\u00f3 el tema como \u201cmuy delicado\u201d.<\/p>\n<p>Sin embargo, el funcionario estatal ponder\u00f3 el inicio de las negociaciones para realizar dicho pago y apunt\u00f3 que se buscar\u00e1 llegar a una pr\u00f3rroga de diez a\u00f1os para cubrir dicha cantidad.<\/p>\n<p>El secretario de Planeaci\u00f3n y Finanzas detall\u00f3 que \u201cconsiderado un adeudo del ISSSTE por parte de la Secretar\u00eda de Salud y de la Secretar\u00eda de Educaci\u00f3n, de cerca de 320 millones de pesos son adeudos anteriores y hemos estado negociando con el ISSSTE.<\/p>\n<p>\u201cNosotros estamos previendo cerrar el acuerdo, estamos pidi\u00e9ndole al director prorrogar los pagos en un m\u00e1ximo de 10 a\u00f1os\u201d, indic\u00f3.<\/p>\n<p>Acept\u00f3 que el tema \u201ces delicado\u201d por el monto del adeudo, porque son retenciones de Afores y retiros, los trabajadores que se les dej\u00f3 de pagar. \u201cCuando pidan su jubilaci\u00f3n tendr\u00e1n menores montos, pero para nosotros es importante que empujaremos para este adeudo no se vean complicadas las finanzas\u201d.<\/p>\n<p>Agreg\u00f3 Noriega Garc\u00eda que \u201clo que m\u00e1s nos preocupa es invertir en el tema de infraestructura. Colima no puede detenerse, estamos haciendo un an\u00e1lisis muy completo para tener esos recursos, traemos una recaudaci\u00f3n buena en el estado pero la recaudaci\u00f3n federal tiene altibajos\u201d.<\/p>\n<p>Es de se\u00f1alar que fue durante el sexenio de Mario Anguiano Moreno fue cuando se dej\u00f3 de pagar al ISSSTE y por ende se acumul\u00f3 el adeudo.<\/p>\n<p>CUENTA P\u00daBLICA<\/p>\n<p>Posteriormente, el secretario de Planeaci\u00f3n y Finanzas del gobierno estatal hizo entrega a la Comisi\u00f3n de Hacienda, Presupuesto y Fiscalizaci\u00f3n de los Recursos P\u00fablicos del Congreso del Estado y a la presidencia de la Legislatura del Estado el acumulado de la Cuenta P\u00fablica 2018 de la administraci\u00f3n estatal, el poder judicial y el poder legislativo.<\/p>\n<p>El funcionario se\u00f1al\u00f3 que la entrega de la cuenta p\u00fablica es una obligaci\u00f3n del gobierno del estado \u201cest\u00e1 plasmada en la ley, nosotros lo hacemos de manera mensual, ahora lo hacemos el acumulado anual para que revisen los datos y movimientos, incluye el legislativo y judicial\u201d, dijo.<\/p>\n<p>Mencion\u00f3 que con el detalle de movimientos y transferencias del estado, los diputados podr\u00e1n revisar la operaci\u00f3n de los recursos de los tres poderes y realizar observaciones.<\/p>\n<p>Es de mencionar que el Congreso del Estado tiene hasta noviembre para realizar la calificaci\u00f3n de estas cuentas p\u00fablicas en donde tambi\u00e9n los ayuntamientos y organismos operadores de agua potable deber\u00e1n entregar sus informes anuales.<\/p>\n","protected":false},"excerpt":{"rendered":"<p>*Se busca la pr\u00f3rroga para liquidar ese adeudo =Es delicado el adeudo, porque son retenciones de Afores y retiros, los trabajadores que se les dej\u00f3 de pagar Alfredo Quiles Cabrera El gobierno del Estado de Colima pretende negociar el pago del adeudo que mantiene con el ISSSTE \u201cen un plazo de 10 a\u00f1os\u201d, afirm\u00f3 el&#8230;<\/p>\n","protected":false},"author":2,"featured_media":4386,"comment_status":"open","ping_status":"open","sticky":false,"template":"","format":"standard","meta":{"footnotes":""},"categories":[1],"tags":[29,30,28],"class_list":["post-4385","post","type-post","status-publish","format-standard","has-post-thumbnail","hentry","category-espacio-legislativo","tag-grid","tag-news","tag-slider"],"_links":{"self":[{"href":"http:\/\/elobservatorio.com.mx\/index.php?rest_route=\/wp\/v2\/posts\/4385"}],"collection":[{"href":"http:\/\/elobservatorio.com.mx\/index.php?rest_route=\/wp\/v2\/posts"}],"about":[{"href":"http:\/\/elobservatorio.com.mx\/index.php?rest_route=\/wp\/v2\/types\/post"}],"author":[{"embeddable":true,"href":"http:\/\/elobservatorio.com.mx\/index.php?rest_route=\/wp\/v2\/users\/2"}],"replies":[{"embeddable":true,"href":"http:\/\/elobservatorio.com.mx\/index.php?rest_route=%2Fwp%2Fv2%2Fcomments&post=4385"}],"version-history":[{"count":0,"href":"http:\/\/elobservatorio.com.mx\/index.php?rest_route=\/wp\/v2\/posts\/4385\/revisions"}],"wp:featuredmedia":[{"embeddable":true,"href":"http:\/\/elobservatorio.com.mx\/index.php?rest_route=\/wp\/v2\/media\/4386"}],"wp:attachment":[{"href":"http:\/\/elobservatorio.com.mx\/index.php?rest_route=%2Fwp%2Fv2%2Fmedia&parent=4385"}],"wp:term":[{"taxonomy":"category","embeddable":true,"href":"http:\/\/elobservatorio.com.mx\/index.php?rest_route=%2Fwp%2Fv2%2Fcategories&post=4385"},{"taxonomy":"post_tag","embeddable":true,"href":"http:\/\/elobservatorio.com.mx\/index.php?rest_route=%2Fwp%2Fv2%2Ftags&post=4385"}],"curies":[{"name":"wp","href":"https:\/\/api.w.org\/{rel}","templated":true}]}}