{"id":4388,"date":"2019-04-30T19:49:55","date_gmt":"2019-04-30T19:49:55","guid":{"rendered":"http:\/\/elobservatorio.com.mx\/se-contrae-la-economia-colimense-en-2-durante-el-trimestre-enero-marzo-inegi"},"modified":"2019-04-30T19:49:55","modified_gmt":"2019-04-30T19:49:55","slug":"se-contrae-la-economia-colimense-en-2-durante-el-trimestre-enero-marzo-inegi","status":"publish","type":"post","link":"http:\/\/elobservatorio.com.mx\/?p=4388","title":{"rendered":"Se contrae la econom\u00eda colimense en 2 % durante el trimestre enero- marzo : INEGI"},"content":{"rendered":"<p><em>*Colima registr\u00f3 su primera contracci\u00f3n en 14 trimestres<\/em><\/p>\n<p>Alfredo Quiles Cabrera<\/p>\n<p>La actividad econ\u00f3mica se contrajo en 10 estados de la Rep\u00fablica Mexicana al cierre de 2018.<\/p>\n<p>Esta cantidad fue la m\u00e1s elevada para un cuarto trimestre desde 2009, cuando 18 entidades pisaron terreno negativo, seg\u00fan los resultados del Indicador Trimestral de la Actividad Econ\u00f3mica Estatal (ITAEE) del Inegi.<\/p>\n<p>En Tabasco se registr\u00f3 la mayor contracci\u00f3n, de 10.4 por ciento y adem\u00e1s sum\u00f3 tres a\u00f1os consecutivos en recesi\u00f3n.<\/p>\n<p>Miguel Gonz\u00e1lez Ibarra, coordinador del Centro de Estudios Financieros y de Finanzas P\u00fablicas (CEFI) de la UNAM, consider\u00f3 que el bajo dinamismo en este estado obedece a la baja en la actividad petrolera y a los ajustes de personal del nuevo gobierno estatal.<\/p>\n<p>Las \u2018sorpresas\u2019 de este trimestre fueron Colima y el Estado de M\u00e9xico, ya que ten\u00edan varios trimestres sin presentar una ca\u00edda en su econom\u00eda.<\/p>\n<p>Colima registr\u00f3 su primera contracci\u00f3n en 14 trimestres, con 2 por ciento anual, mientras que la \u2018buena racha\u2019 de 19 trimestres de crecimientos consecutivos del Estado de M\u00e9xico se desvaneci\u00f3 al registrar un retroceso de 1.1 por ciento.<\/p>\n<p>Otras entidades que se pintaron de color rojo en su actividad econ\u00f3mica al cierre de 2018 fueron Tlaxcala (4.2), Morelos (4.0) y Michoac\u00e1n (1.2).<\/p>\n<p>\u201cEn el caso de Morelos, se le puede atribuir la variaci\u00f3n negativa a los ajustes del gobierno de Cuauht\u00e9moc Blanco y a los problemas de inseguridad que sufre la entidad, mientras que a Colima le afect\u00f3 mucho el combate al tr\u00e1fico ilegal de drogas y la violencia\u201d, dijo Gonz\u00e1lez.<\/p>\n<p>En el extremo opuesto, Baja California Sur registr\u00f3 un avance de 8.8 por ciento anual, por lo que se ubic\u00f3 como la entidad de mayor crecimiento econ\u00f3mico.<\/p>\n<p>Para Jos\u00e9 Luis de la Cruz, director del Instituto para el Desarrollo Industrial y el Crecimiento Econ\u00f3mico (IDIC), el \u2018boom\u2019 en el estado es por el dinamismo en el sector de la construcci\u00f3n, ya que en el segmento de vivienda y en desarrollos de infraestructura se observan aumentos importantes desde 2017.<\/p>\n","protected":false},"excerpt":{"rendered":"<p>*Colima registr\u00f3 su primera contracci\u00f3n en 14 trimestres Alfredo Quiles Cabrera La actividad econ\u00f3mica se contrajo en 10 estados de la Rep\u00fablica Mexicana al cierre de 2018. Esta cantidad fue la m\u00e1s elevada para un cuarto trimestre desde 2009, cuando 18 entidades pisaron terreno negativo, seg\u00fan los resultados del Indicador Trimestral de la Actividad Econ\u00f3mica&#8230;<\/p>\n","protected":false},"author":2,"featured_media":4389,"comment_status":"open","ping_status":"open","sticky":false,"template":"","format":"standard","meta":{"footnotes":""},"categories":[17],"tags":[29,30,28],"class_list":["post-4388","post","type-post","status-publish","format-standard","has-post-thumbnail","hentry","category-economia-y-negocios","tag-grid","tag-news","tag-slider"],"_links":{"self":[{"href":"http:\/\/elobservatorio.com.mx\/index.php?rest_route=\/wp\/v2\/posts\/4388"}],"collection":[{"href":"http:\/\/elobservatorio.com.mx\/index.php?rest_route=\/wp\/v2\/posts"}],"about":[{"href":"http:\/\/elobservatorio.com.mx\/index.php?rest_route=\/wp\/v2\/types\/post"}],"author":[{"embeddable":true,"href":"http:\/\/elobservatorio.com.mx\/index.php?rest_route=\/wp\/v2\/users\/2"}],"replies":[{"embeddable":true,"href":"http:\/\/elobservatorio.com.mx\/index.php?rest_route=%2Fwp%2Fv2%2Fcomments&post=4388"}],"version-history":[{"count":0,"href":"http:\/\/elobservatorio.com.mx\/index.php?rest_route=\/wp\/v2\/posts\/4388\/revisions"}],"wp:featuredmedia":[{"embeddable":true,"href":"http:\/\/elobservatorio.com.mx\/index.php?rest_route=\/wp\/v2\/media\/4389"}],"wp:attachment":[{"href":"http:\/\/elobservatorio.com.mx\/index.php?rest_route=%2Fwp%2Fv2%2Fmedia&parent=4388"}],"wp:term":[{"taxonomy":"category","embeddable":true,"href":"http:\/\/elobservatorio.com.mx\/index.php?rest_route=%2Fwp%2Fv2%2Fcategories&post=4388"},{"taxonomy":"post_tag","embeddable":true,"href":"http:\/\/elobservatorio.com.mx\/index.php?rest_route=%2Fwp%2Fv2%2Ftags&post=4388"}],"curies":[{"name":"wp","href":"https:\/\/api.w.org\/{rel}","templated":true}]}}