{"id":4455,"date":"2019-05-02T22:43:08","date_gmt":"2019-05-02T22:43:08","guid":{"rendered":"http:\/\/elobservatorio.com.mx\/felipe-cruz-y-el-gobernador-colocan-primera-piedra-de-nueva-escuela-secundaria"},"modified":"2019-05-02T22:43:08","modified_gmt":"2019-05-02T22:43:08","slug":"felipe-cruz-y-el-gobernador-colocan-primera-piedra-de-nueva-escuela-secundaria","status":"publish","type":"post","link":"http:\/\/elobservatorio.com.mx\/?p=4455","title":{"rendered":"Felipe Cruz y el Gobernador Colocan Primera Piedra de Nueva Escuela Secundaria"},"content":{"rendered":"<p><em>*En su primera etapa, el plantel estar\u00e1 listo en agosto, para albergar a los primeros 150 estudiantes <\/em><\/p>\n<p>El Presidente Municipal Felipe Cruz y el gobernador Ignacio Peralta pusieron la primera piedra de la Escuela Secundaria de Nueva Creaci\u00f3n, en la colonia Vista Bugambilias, cuya primera etapa constar\u00e1 de 3 aulas y una oficina escolar administrativa, y con una inversi\u00f3n de 5 millones y medio de pesos, en un predio ubicado entre las calles Bah\u00eda de Manzanillo, Magistrado Lic. Manuel Hermosillo Allende y Boca del R\u00edo.<\/p>\n<p>Al hacer uso de la palabra, el alcalde inform\u00f3 que el Ayuntamiento de Villa de \u00c1lvarez don\u00f3 el terreno para esta obra educativa, en tanto que el gobernador indic\u00f3 que este plantel escolar estar\u00e1 listo para albergar a la primera generaci\u00f3n de 150 estudiantes en la segunda quincena de agosto del presente a\u00f1o, en que inicia el nuevo ciclo escolar.<\/p>\n<p>El alcalde villalvarense Felipe Cruz agradeci\u00f3 a los ciudadanos y a las autoridades por esta inversi\u00f3n en educaci\u00f3n para los infantes del municipio; mientras que el gobernador del Estado reconoci\u00f3 en Felipe Cruz a un alcalde con capacidad de gestionar y trabajar de manera coordinada en beneficio de los villalvarenses, e inform\u00f3 que, durante su mandato, ha invertido en infraestructura diversa, en Villa de \u00c1lvarez, cerca de 69 millones de pesos.<\/p>\n","protected":false},"excerpt":{"rendered":"<p>*En su primera etapa, el plantel estar\u00e1 listo en agosto, para albergar a los primeros 150 estudiantes El Presidente Municipal Felipe Cruz y el gobernador Ignacio Peralta pusieron la primera piedra de la Escuela Secundaria de Nueva Creaci\u00f3n, en la colonia Vista Bugambilias, cuya primera etapa constar\u00e1 de 3 aulas y una oficina escolar administrativa,&#8230;<\/p>\n","protected":false},"author":2,"featured_media":4456,"comment_status":"open","ping_status":"open","sticky":false,"template":"","format":"standard","meta":{"footnotes":""},"categories":[8,42],"tags":[29,30,28],"class_list":["post-4455","post","type-post","status-publish","format-standard","has-post-thumbnail","hentry","category-municipios","category-villa-de-alvarez","tag-grid","tag-news","tag-slider"],"_links":{"self":[{"href":"http:\/\/elobservatorio.com.mx\/index.php?rest_route=\/wp\/v2\/posts\/4455"}],"collection":[{"href":"http:\/\/elobservatorio.com.mx\/index.php?rest_route=\/wp\/v2\/posts"}],"about":[{"href":"http:\/\/elobservatorio.com.mx\/index.php?rest_route=\/wp\/v2\/types\/post"}],"author":[{"embeddable":true,"href":"http:\/\/elobservatorio.com.mx\/index.php?rest_route=\/wp\/v2\/users\/2"}],"replies":[{"embeddable":true,"href":"http:\/\/elobservatorio.com.mx\/index.php?rest_route=%2Fwp%2Fv2%2Fcomments&post=4455"}],"version-history":[{"count":0,"href":"http:\/\/elobservatorio.com.mx\/index.php?rest_route=\/wp\/v2\/posts\/4455\/revisions"}],"wp:featuredmedia":[{"embeddable":true,"href":"http:\/\/elobservatorio.com.mx\/index.php?rest_route=\/wp\/v2\/media\/4456"}],"wp:attachment":[{"href":"http:\/\/elobservatorio.com.mx\/index.php?rest_route=%2Fwp%2Fv2%2Fmedia&parent=4455"}],"wp:term":[{"taxonomy":"category","embeddable":true,"href":"http:\/\/elobservatorio.com.mx\/index.php?rest_route=%2Fwp%2Fv2%2Fcategories&post=4455"},{"taxonomy":"post_tag","embeddable":true,"href":"http:\/\/elobservatorio.com.mx\/index.php?rest_route=%2Fwp%2Fv2%2Ftags&post=4455"}],"curies":[{"name":"wp","href":"https:\/\/api.w.org\/{rel}","templated":true}]}}