{"id":4491,"date":"2019-05-05T21:53:33","date_gmt":"2019-05-05T21:53:33","guid":{"rendered":"http:\/\/elobservatorio.com.mx\/estamos-trabajando-duro-en-la-prevencion-del-delito-felipe-cruz"},"modified":"2019-05-05T21:53:33","modified_gmt":"2019-05-05T21:53:33","slug":"estamos-trabajando-duro-en-la-prevencion-del-delito-felipe-cruz","status":"publish","type":"post","link":"http:\/\/elobservatorio.com.mx\/?p=4491","title":{"rendered":"Estamos trabajando duro en la prevenci\u00f3n del delito: Felipe Cruz"},"content":{"rendered":"<p><em>*Con charlas en escuelas, colonias y comunidades<\/em><\/p>\n<p>Nuestra administraci\u00f3n municipal es de contacto diario con los ciudadanos, con las audiencias p\u00fablicas \u201cMejorando tu Comunidad\u201d y las visitas personales a colonias y comunidades, lo mismo de un servidor como de integrantes del Cabildo y funcionarios p\u00fablicos municipales; pero en lo que m\u00e1s duro estamos trabajando es en labores de Prevenci\u00f3n del Delito.<\/p>\n<p>As\u00ed lo expres\u00f3 el Presidente Municipal Felipe Cruz, quien agreg\u00f3 que la inseguridad genera incertidumbre, enojo en los ciudadanos y condiciones dif\u00edciles para las inversiones y la generaci\u00f3n de empleos; pero \u201csi vamos con los ni\u00f1os y j\u00f3venes, y los orientamos para hacer frente a este problema, y vamos con ciudadanos a sus colonias y comunidades, y los organismos y decimos c\u00f3mo cuidarse entre ellos, c\u00f3mo ser solidarios, entonces estamos dando un paso muy importante\u201d, sostuvo el alcalde villalvarense.<\/p>\n<p>Felipe Cruz inform\u00f3 que, en los pocos meses al frente de esta administraci\u00f3n villalvarense, personal de Seguridad p\u00fablica, a cargo de los directores general y operativo, Sergio Granados y Florencio Gonz\u00e1lez, han trabajado con 25 escuelas de educaci\u00f3n escolar b\u00e1sica y 15 colonias, en este rengl\u00f3n de Prevenci\u00f3n del Delito, con did\u00e1cticas que orientan, informan y siembran la inquietud en ni\u00f1as, ni\u00f1os, adolescentes y colonos; \u201cy tenemos contemplado recorrer cada colonia y plantel escolar de nuestro municipio, porque ah\u00ed est\u00e1 la soluci\u00f3n, en darles la herramienta, informar, hacer que los mismos ciudadanos se involucren en prevenir y evitar que los peques caigan en situaciones de drogas y caminos equivocados\u201d, concluy\u00f3 el edil.<\/p>\n","protected":false},"excerpt":{"rendered":"<p>*Con charlas en escuelas, colonias y comunidades Nuestra administraci\u00f3n municipal es de contacto diario con los ciudadanos, con las audiencias p\u00fablicas \u201cMejorando tu Comunidad\u201d y las visitas personales a colonias y comunidades, lo mismo de un servidor como de integrantes del Cabildo y funcionarios p\u00fablicos municipales; pero en lo que m\u00e1s duro estamos trabajando es&#8230;<\/p>\n","protected":false},"author":2,"featured_media":4492,"comment_status":"open","ping_status":"open","sticky":false,"template":"","format":"standard","meta":{"footnotes":""},"categories":[8,42],"tags":[29,30,28],"class_list":["post-4491","post","type-post","status-publish","format-standard","has-post-thumbnail","hentry","category-municipios","category-villa-de-alvarez","tag-grid","tag-news","tag-slider"],"_links":{"self":[{"href":"http:\/\/elobservatorio.com.mx\/index.php?rest_route=\/wp\/v2\/posts\/4491"}],"collection":[{"href":"http:\/\/elobservatorio.com.mx\/index.php?rest_route=\/wp\/v2\/posts"}],"about":[{"href":"http:\/\/elobservatorio.com.mx\/index.php?rest_route=\/wp\/v2\/types\/post"}],"author":[{"embeddable":true,"href":"http:\/\/elobservatorio.com.mx\/index.php?rest_route=\/wp\/v2\/users\/2"}],"replies":[{"embeddable":true,"href":"http:\/\/elobservatorio.com.mx\/index.php?rest_route=%2Fwp%2Fv2%2Fcomments&post=4491"}],"version-history":[{"count":0,"href":"http:\/\/elobservatorio.com.mx\/index.php?rest_route=\/wp\/v2\/posts\/4491\/revisions"}],"wp:featuredmedia":[{"embeddable":true,"href":"http:\/\/elobservatorio.com.mx\/index.php?rest_route=\/wp\/v2\/media\/4492"}],"wp:attachment":[{"href":"http:\/\/elobservatorio.com.mx\/index.php?rest_route=%2Fwp%2Fv2%2Fmedia&parent=4491"}],"wp:term":[{"taxonomy":"category","embeddable":true,"href":"http:\/\/elobservatorio.com.mx\/index.php?rest_route=%2Fwp%2Fv2%2Fcategories&post=4491"},{"taxonomy":"post_tag","embeddable":true,"href":"http:\/\/elobservatorio.com.mx\/index.php?rest_route=%2Fwp%2Fv2%2Ftags&post=4491"}],"curies":[{"name":"wp","href":"https:\/\/api.w.org\/{rel}","templated":true}]}}