{"id":4515,"date":"2019-05-06T20:13:48","date_gmt":"2019-05-06T20:13:48","guid":{"rendered":"http:\/\/elobservatorio.com.mx\/a-partir-de-este-lunes-se-encuentra-en-el-ayuntamiento-un-modulo-de-recepcion-de-quejas-de-la-cedh"},"modified":"2019-05-06T20:13:48","modified_gmt":"2019-05-06T20:13:48","slug":"a-partir-de-este-lunes-se-encuentra-en-el-ayuntamiento-un-modulo-de-recepcion-de-quejas-de-la-cedh","status":"publish","type":"post","link":"http:\/\/elobservatorio.com.mx\/?p=4515","title":{"rendered":"A partir de este lunes se encuentra en el Ayuntamiento un m\u00f3dulo de recepci\u00f3n de quejas de la CEDH"},"content":{"rendered":"<p>Todos los lunes a partir de las 11:00 de la ma\u00f1ana y hasta las 3:00 de la tarde en la sala de cabildos de la Presidencia Municipal de Tecom\u00e1n estar\u00e1 atendiendo un visitador de la Comisi\u00f3n de Derechos Humanos del Estado de Colima; seg\u00fan lo informado por el ombudsman Sabino Hermilo Flores Arias, en presencia del Presidente Municipal El\u00edas Antonio Lozano Ochoa, de la Presidenta de la Comisi\u00f3n de Derechos Humanos en el cabildo Elo\u00edsa Chavarr\u00edas Barajas y de la regidora Isis Carmen S\u00e1nchez Llerenas.<\/p>\n<p>Flores Arias explic\u00f3 que Alejandro Espinosa visitador de la Comisi\u00f3n de Derechos Humanos, estar\u00e1 atendiendo a toda aquella persona que tenga alg\u00fan planteamiento qu\u00e9 hacer en el tema de derechos humanos \u201cestaremos orientando, asesorando, porque no nos limitamos solamente a la recepci\u00f3n de quejas, si el asunto que se plantea es competencia de la Comisi\u00f3n, se inicia todo un proceso, se abre un expediente, se investiga y se resuelve\u201d.<\/p>\n<p>Destac\u00f3 que por el momento se estar\u00e1 atendiendo los lunes, pero se buscar\u00e1 que la oficina quede de manera permanente en Tecom\u00e1n y otro en el Puerto de Manzanillo \u201clas facultades que tiene la Comisi\u00f3n de Derechos Humanos de recibir quejas de la ciudadan\u00eda son las encaminadas a recibir abusos de alg\u00fan servidor p\u00fablico o de alguna autoridad, particularmente si son del \u00e1mbito estatal o municipal que son el \u00e1rea de competencia\u201d.<\/p>\n<p>Por su parte el Presidente Municipal El\u00edas Antonio Lozano Ochoa, reconoci\u00f3 el trabajo y la importancia que se le ha dado al tema de los Derechos Humanos, a trav\u00e9s de la Presidenta de la Comisi\u00f3n Elo\u00edsa Chavarr\u00edas y de Isis C\u00e1rmen S\u00e1nchez<\/p>\n<p>\u201ces sumamente importante porque la administraci\u00f3n tiene como encomienda tratar a todos con calidad y calidez y que no ser\u00e1 un trabajo s\u00f3lo de recepci\u00f3n de quejas; es importante que la orientaci\u00f3n se extienda a las escuelas y a las distintas instituciones porque los derechos humanos siempre hay que respetarlos ya que es lo que nos lleva a la paz y a la tranquilidad\u201d.<\/p>\n<p>Se dijo contento de que se den esos acuerdos y del trabajo que se est\u00e1 realizando no nada m\u00e1s en esa comisi\u00f3n de Derechos Humanos, sino en todas las dem\u00e1s \u201cen Tecom\u00e1n estamos muy interesados en generar todas las condiciones que vayan en beneficio y en bien de la ciudadan\u00eda\u201d.<\/p>\n<p>Estuvieron presentes adem\u00e1s los regidores Jos\u00e9 Mar\u00eda Rodr\u00edguez Silva, Santiago Ch\u00e1vez Ch\u00e1vez, Mar\u00eda Rosa Quintana Ram\u00edrez y Karent Medina Machuca<\/p>\n","protected":false},"excerpt":{"rendered":"<p>Todos los lunes a partir de las 11:00 de la ma\u00f1ana y hasta las 3:00 de la tarde en la sala de cabildos de la Presidencia Municipal de Tecom\u00e1n estar\u00e1 atendiendo un visitador de la Comisi\u00f3n de Derechos Humanos del Estado de Colima; seg\u00fan lo informado por el ombudsman Sabino Hermilo Flores Arias, en presencia&#8230;<\/p>\n","protected":false},"author":2,"featured_media":4516,"comment_status":"open","ping_status":"open","sticky":false,"template":"","format":"standard","meta":{"footnotes":""},"categories":[8,34],"tags":[29,30,28],"class_list":["post-4515","post","type-post","status-publish","format-standard","has-post-thumbnail","hentry","category-municipios","category-tecoman","tag-grid","tag-news","tag-slider"],"_links":{"self":[{"href":"http:\/\/elobservatorio.com.mx\/index.php?rest_route=\/wp\/v2\/posts\/4515"}],"collection":[{"href":"http:\/\/elobservatorio.com.mx\/index.php?rest_route=\/wp\/v2\/posts"}],"about":[{"href":"http:\/\/elobservatorio.com.mx\/index.php?rest_route=\/wp\/v2\/types\/post"}],"author":[{"embeddable":true,"href":"http:\/\/elobservatorio.com.mx\/index.php?rest_route=\/wp\/v2\/users\/2"}],"replies":[{"embeddable":true,"href":"http:\/\/elobservatorio.com.mx\/index.php?rest_route=%2Fwp%2Fv2%2Fcomments&post=4515"}],"version-history":[{"count":0,"href":"http:\/\/elobservatorio.com.mx\/index.php?rest_route=\/wp\/v2\/posts\/4515\/revisions"}],"wp:featuredmedia":[{"embeddable":true,"href":"http:\/\/elobservatorio.com.mx\/index.php?rest_route=\/wp\/v2\/media\/4516"}],"wp:attachment":[{"href":"http:\/\/elobservatorio.com.mx\/index.php?rest_route=%2Fwp%2Fv2%2Fmedia&parent=4515"}],"wp:term":[{"taxonomy":"category","embeddable":true,"href":"http:\/\/elobservatorio.com.mx\/index.php?rest_route=%2Fwp%2Fv2%2Fcategories&post=4515"},{"taxonomy":"post_tag","embeddable":true,"href":"http:\/\/elobservatorio.com.mx\/index.php?rest_route=%2Fwp%2Fv2%2Ftags&post=4515"}],"curies":[{"name":"wp","href":"https:\/\/api.w.org\/{rel}","templated":true}]}}