{"id":4518,"date":"2019-05-06T20:24:30","date_gmt":"2019-05-06T20:24:30","guid":{"rendered":"http:\/\/elobservatorio.com.mx\/de-gira-victor-torres-por-tecoman%c2%a0ofrece-asesoria-juridica-y-atencion-ciudadana"},"modified":"2019-05-06T20:24:30","modified_gmt":"2019-05-06T20:24:30","slug":"de-gira-victor-torres-por-tecoman%c2%a0ofrece-asesoria-juridica-y-atencion-ciudadana","status":"publish","type":"post","link":"http:\/\/elobservatorio.com.mx\/?p=4518","title":{"rendered":"De gira V\u00edctor Torres por Tecom\u00e1n\u00a0ofrece asesor\u00eda jur\u00eddica y atenci\u00f3n ciudadana"},"content":{"rendered":"<div>Colima, Col.- El Presidente Nacional de la Comisi\u00f3n Mexicana de la Juventud (COMJUVE), V\u00edctor Torres L\u00f3pez, el fin de semana pasado realiz\u00f3 una gira por el Municipio de Tecom\u00e1n con la intenci\u00f3n de escuchar las inquietudes de la poblaci\u00f3n.<\/div>\n<div><\/div>\n<div>Torres L\u00f3pez, visit\u00f3 los comercios locales de dicho Municipio as\u00ed como la Localidad de Boca de Pascuales, as\u00ed mismo el l\u00edder juvenil ofreci\u00f3 asesor\u00eda jur\u00eddica gratuita y atenci\u00f3n ciudadana a toda la poblaci\u00f3n del Municipio Iguanense que as\u00ed lo requiera.<\/div>\n<div><\/div>\n<div>El l\u00edder juvenil V\u00edctor Torres se comprometi\u00f3 a estar al pendiente de las inquietudes de la poblaci\u00f3n y se\u00f1al\u00f3 que los j\u00f3venes son aliados de la gente.<\/div>\n<div><\/div>\n<div>Cabe destacar que estuvo acompa\u00f1ado por el joven Jos\u00e9 \u00c1ngel Pedroza Mart\u00ecnez Presidente Estatal de COMJUVE Colima, as\u00ed como de los Delegados de Colima y Villa de \u00c1lvarez, Antonio Velasco y Jaqueline Mu\u00f1oz.<\/div>\n","protected":false},"excerpt":{"rendered":"<p>Colima, Col.- El Presidente Nacional de la Comisi\u00f3n Mexicana de la Juventud (COMJUVE), V\u00edctor Torres L\u00f3pez, el fin de semana pasado realiz\u00f3 una gira por el Municipio de Tecom\u00e1n con la intenci\u00f3n de escuchar las inquietudes de la poblaci\u00f3n. Torres L\u00f3pez, visit\u00f3 los comercios locales de dicho Municipio as\u00ed como la Localidad de Boca de&#8230;<\/p>\n","protected":false},"author":2,"featured_media":4519,"comment_status":"open","ping_status":"open","sticky":false,"template":"","format":"standard","meta":{"footnotes":""},"categories":[10],"tags":[29,30,28],"class_list":["post-4518","post","type-post","status-publish","format-standard","has-post-thumbnail","hentry","category-politica","tag-grid","tag-news","tag-slider"],"_links":{"self":[{"href":"http:\/\/elobservatorio.com.mx\/index.php?rest_route=\/wp\/v2\/posts\/4518"}],"collection":[{"href":"http:\/\/elobservatorio.com.mx\/index.php?rest_route=\/wp\/v2\/posts"}],"about":[{"href":"http:\/\/elobservatorio.com.mx\/index.php?rest_route=\/wp\/v2\/types\/post"}],"author":[{"embeddable":true,"href":"http:\/\/elobservatorio.com.mx\/index.php?rest_route=\/wp\/v2\/users\/2"}],"replies":[{"embeddable":true,"href":"http:\/\/elobservatorio.com.mx\/index.php?rest_route=%2Fwp%2Fv2%2Fcomments&post=4518"}],"version-history":[{"count":0,"href":"http:\/\/elobservatorio.com.mx\/index.php?rest_route=\/wp\/v2\/posts\/4518\/revisions"}],"wp:featuredmedia":[{"embeddable":true,"href":"http:\/\/elobservatorio.com.mx\/index.php?rest_route=\/wp\/v2\/media\/4519"}],"wp:attachment":[{"href":"http:\/\/elobservatorio.com.mx\/index.php?rest_route=%2Fwp%2Fv2%2Fmedia&parent=4518"}],"wp:term":[{"taxonomy":"category","embeddable":true,"href":"http:\/\/elobservatorio.com.mx\/index.php?rest_route=%2Fwp%2Fv2%2Fcategories&post=4518"},{"taxonomy":"post_tag","embeddable":true,"href":"http:\/\/elobservatorio.com.mx\/index.php?rest_route=%2Fwp%2Fv2%2Ftags&post=4518"}],"curies":[{"name":"wp","href":"https:\/\/api.w.org\/{rel}","templated":true}]}}