{"id":4568,"date":"2019-05-07T03:41:43","date_gmt":"2019-05-07T03:41:43","guid":{"rendered":"http:\/\/elobservatorio.com.mx\/familia-completa-que-viajo-a-pelea-de-canelo-alvarez-muere-en-avionazo"},"modified":"2019-05-07T03:45:03","modified_gmt":"2019-05-07T03:45:03","slug":"familia-completa-que-viajo-a-pelea-de-canelo-alvarez-muere-en-avionazo","status":"publish","type":"post","link":"http:\/\/elobservatorio.com.mx\/?p=4568","title":{"rendered":"Familia completa que viaj\u00f3 a pelea de \u00abCanelo \u00c1lvarez\u00bb muere en avionazo"},"content":{"rendered":"<p><em>*Era una familia que disfrutaba de viajes, rodeados de una vida de lujos y comodidades. El padre era Ing Petroqu\u00edmico, \u00e9l y su esposa eran originarios de\u00a0 Progreso. Fallecieron las 13 personas que se encontraban a bordo<\/em><\/p>\n<p><b>Ciudad de M\u00e9xico.-<\/b>\u00a0La familia Reyes Luna viaj\u00f3 a Las Vegas, Nevada, para asistir a la pelea de Sa\u00fal El Canelo \u00c1lvarez contra Daniel Jacobs, pero cuando regresaban ayer a Monterrey, Nuevo Le\u00f3n, el avi\u00f3n en el que viajaban desapareci\u00f3 y sus restos fueron hallados hoy en el municipio de Ocampo, Coahuila; no hubo sobrevivientes.<\/p>\n<p>Luis Octavio Reyes Dom\u00ednguez y su esposa, Loyda Liliana Luna Larrosa, era originarios del municipio de Progreso, en Yucat\u00e1n, pero el trabajo como ingeniero petroqu\u00edmico de \u00e9l, los llev\u00f3 a salir del estado. Luis Octavio Reyes Dom\u00ednguez y Loyda Liliana Luna Larrosa, as\u00ed como sus tres hijos, fallecieron<\/p>\n<div><img decoding=\"async\" src=\"http:\/\/www.zocalo.com.mx\/?ACT=47&amp;t=1&amp;i=1566453\" alt=\"\" \/>La pareja vivi\u00f3 alg\u00fan tiempo en Medio Oriente y actualmente ten\u00edan una casa en Monterrey, donde tambi\u00e9n estaban sus hijos Jade Paola Reyes Luna, Guillermo Octavio Reyes Luna y Frida Alejandrina Reyes Luna.<\/div>\n<p><img loading=\"lazy\" decoding=\"async\" class=\"alignnone size-medium wp-image-4569\" src=\"http:\/\/noticiastecoman.com.mx\/wp-content\/uploads\/2019\/05\/familia2-300x203.jpg\" alt=\"\" width=\"300\" height=\"203\" srcset=\"http:\/\/elobservatorio.com.mx\/wp-content\/uploads\/2019\/05\/familia2-300x203.jpg 300w, http:\/\/elobservatorio.com.mx\/wp-content\/uploads\/2019\/05\/familia2-768x521.jpg 768w, http:\/\/elobservatorio.com.mx\/wp-content\/uploads\/2019\/05\/familia2.jpg 900w\" sizes=\"(max-width: 300px) 100vw, 300px\" \/><\/p>\n<p>En publicaciones de Facebook se puede observar que la familia hac\u00eda viajes recurrentes. Frida comparti\u00f3 fotos en Par\u00eds y Jade Paola, en Venecia.<\/p>\n<p>En sus cuentas de Instagram, los j\u00f3venes compartieron fotos de cuando asistieron al Super Bowl LIII, entre otros viajes que hicieron juntos.<br \/>\n<img loading=\"lazy\" decoding=\"async\" class=\"alignnone size-medium wp-image-4570\" src=\"http:\/\/noticiastecoman.com.mx\/wp-content\/uploads\/2019\/05\/mercedes-1557193748-300x237.jpg\" alt=\"\" width=\"300\" height=\"237\" srcset=\"http:\/\/elobservatorio.com.mx\/wp-content\/uploads\/2019\/05\/mercedes-1557193748-300x237.jpg 300w, http:\/\/elobservatorio.com.mx\/wp-content\/uploads\/2019\/05\/mercedes-1557193748-768x608.jpg 768w, http:\/\/elobservatorio.com.mx\/wp-content\/uploads\/2019\/05\/mercedes-1557193748.jpg 900w\" sizes=\"(max-width: 300px) 100vw, 300px\" \/><br \/>\nLa Secretar\u00eda de Seguridad P\u00fablica de Coahuila inform\u00f3 que en el avi\u00f3n tambi\u00e9n viajaban Ram\u00f3n Amauri Vela, Gary Amauri Vela Garc\u00eda, Martha Isabel Garc\u00eda Lagunes y Manuel Alejandro Sep\u00falveda Gonz\u00e1lez, cuya relaci\u00f3n con la familia Reyes Luna no es clara, pero son \u00abamigos\u00bb en Facebook.<\/p>\n<p><img loading=\"lazy\" decoding=\"async\" class=\"alignnone size-medium wp-image-4571\" src=\"http:\/\/noticiastecoman.com.mx\/wp-content\/uploads\/2019\/05\/familia1-300x203.jpg\" alt=\"\" width=\"300\" height=\"203\" srcset=\"http:\/\/elobservatorio.com.mx\/wp-content\/uploads\/2019\/05\/familia1-300x203.jpg 300w, http:\/\/elobservatorio.com.mx\/wp-content\/uploads\/2019\/05\/familia1-768x521.jpg 768w, http:\/\/elobservatorio.com.mx\/wp-content\/uploads\/2019\/05\/familia1.jpg 900w\" sizes=\"(max-width: 300px) 100vw, 300px\" \/> <img loading=\"lazy\" decoding=\"async\" class=\"alignnone size-medium wp-image-4572\" src=\"http:\/\/noticiastecoman.com.mx\/wp-content\/uploads\/2019\/05\/secre-1557193774-300x169.jpg\" alt=\"\" width=\"300\" height=\"169\" srcset=\"http:\/\/elobservatorio.com.mx\/wp-content\/uploads\/2019\/05\/secre-1557193774-300x169.jpg 300w, http:\/\/elobservatorio.com.mx\/wp-content\/uploads\/2019\/05\/secre-1557193774-768x433.jpg 768w, http:\/\/elobservatorio.com.mx\/wp-content\/uploads\/2019\/05\/secre-1557193774-800x448.jpg 800w, http:\/\/elobservatorio.com.mx\/wp-content\/uploads\/2019\/05\/secre-1557193774.jpg 900w\" sizes=\"(max-width: 300px) 100vw, 300px\" \/><\/p>\n<p>La mayor\u00eda de los perfiles de redes sociales de las v\u00edctimas tienen un candado de seguridad, pero usuarios de redes sociales comentaron algunas publicaciones de Instagram de Frida y de Octavio para manifestar su pesar por el accidente.<\/p>\n<p>El avi\u00f3n estaba tripulado por el comandante Juan Jos\u00e9 Aguilar Talavera, el primer oficial Luis Ovidio Gonz\u00e1lez Flores y la sobrecargo Adriana Monserrath Mej\u00eda Sanchez.<\/p>\n<p>El comandante era originario del Estado de M\u00e9xico y primo hermano de Karla Aguilar Talavera, subsecretaria de Desarrollo regional en el gobierno mexiquense.<\/p>\n<p>As\u00ed como de V\u00edctor Manuel Aguilar Talavera, secretario Ejecutivo del Sistema Estatal de Seguridad P\u00fablica y ex presidente municipal de Tenango.<\/p>\n<p><i>Con informaci\u00f3n de Milenio\u00a0<\/i><\/p>\n","protected":false},"excerpt":{"rendered":"<p>*Era una familia que disfrutaba de viajes, rodeados de una vida de lujos y comodidades. El padre era Ing Petroqu\u00edmico, \u00e9l y su esposa eran originarios de\u00a0 Progreso. Fallecieron las 13 personas que se encontraban a bordo Ciudad de M\u00e9xico.-\u00a0La familia Reyes Luna viaj\u00f3 a Las Vegas, Nevada, para asistir a la pelea de Sa\u00fal&#8230;<\/p>\n","protected":false},"author":2,"featured_media":4573,"comment_status":"open","ping_status":"open","sticky":false,"template":"","format":"standard","meta":{"footnotes":""},"categories":[13],"tags":[29,30,28],"class_list":["post-4568","post","type-post","status-publish","format-standard","has-post-thumbnail","hentry","category-nacion-y-mundo","tag-grid","tag-news","tag-slider"],"_links":{"self":[{"href":"http:\/\/elobservatorio.com.mx\/index.php?rest_route=\/wp\/v2\/posts\/4568"}],"collection":[{"href":"http:\/\/elobservatorio.com.mx\/index.php?rest_route=\/wp\/v2\/posts"}],"about":[{"href":"http:\/\/elobservatorio.com.mx\/index.php?rest_route=\/wp\/v2\/types\/post"}],"author":[{"embeddable":true,"href":"http:\/\/elobservatorio.com.mx\/index.php?rest_route=\/wp\/v2\/users\/2"}],"replies":[{"embeddable":true,"href":"http:\/\/elobservatorio.com.mx\/index.php?rest_route=%2Fwp%2Fv2%2Fcomments&post=4568"}],"version-history":[{"count":0,"href":"http:\/\/elobservatorio.com.mx\/index.php?rest_route=\/wp\/v2\/posts\/4568\/revisions"}],"wp:featuredmedia":[{"embeddable":true,"href":"http:\/\/elobservatorio.com.mx\/index.php?rest_route=\/wp\/v2\/media\/4573"}],"wp:attachment":[{"href":"http:\/\/elobservatorio.com.mx\/index.php?rest_route=%2Fwp%2Fv2%2Fmedia&parent=4568"}],"wp:term":[{"taxonomy":"category","embeddable":true,"href":"http:\/\/elobservatorio.com.mx\/index.php?rest_route=%2Fwp%2Fv2%2Fcategories&post=4568"},{"taxonomy":"post_tag","embeddable":true,"href":"http:\/\/elobservatorio.com.mx\/index.php?rest_route=%2Fwp%2Fv2%2Ftags&post=4568"}],"curies":[{"name":"wp","href":"https:\/\/api.w.org\/{rel}","templated":true}]}}