{"id":4625,"date":"2019-05-08T05:48:51","date_gmt":"2019-05-08T05:48:51","guid":{"rendered":"http:\/\/elobservatorio.com.mx\/arrancan-semana-de-ingenieria-civil-y-jornadas-geomaticas-en-la-udec"},"modified":"2019-05-08T05:48:51","modified_gmt":"2019-05-08T05:48:51","slug":"arrancan-semana-de-ingenieria-civil-y-jornadas-geomaticas-en-la-udec","status":"publish","type":"post","link":"http:\/\/elobservatorio.com.mx\/?p=4625","title":{"rendered":"Arrancan Semana de Ingenier\u00eda Civil y Jornadas Geom\u00e1ticas, en la UdeC"},"content":{"rendered":"<p><em>*\u201cLa idea es \u201cfortalecer los conocimientos que los alumnos reciben en las aulas\u201d: Adri\u00e1n L\u00f3pez, delegado en Coquimatl\u00e1n.<\/em><\/p>\n<p>La ma\u00f1ana del martes, en el Paraninfo Universitario, se inauguraron la Semana de Ingenier\u00eda Civil y las Jornadas Geom\u00e1ticas que organiza la Facultad de Ingenier\u00eda Civil (FIC), ubicada en el campus de Coquimatl\u00e1n.<\/p>\n<p>Adri\u00e1n L\u00f3pez Virgen, delegado de Coquimatl\u00e1n, en representaci\u00f3n del rector Jose Eduardo Hern\u00e1ndez Nava, puso en marcha las actividades cuya finalidad es, dijo, \u201cfortalecer los conocimientos que los alumnos reciben en las aulas\u201d.<\/p>\n<p>Por su parte, Alfredo S\u00e1nchez Alejandre, director de la Facultad de Ingenier\u00eda Civil, coment\u00f3 que \u201clas carreras que imparte el plantel tienen un potencial tremendo, desarrollo e innovaci\u00f3n tecnol\u00f3gica que nos ayuda a que podamos so\u00f1ar. Los invito a que como estudiantes sean so\u00f1adores, piensen en grande, en superarse continuamente y en vencer obst\u00e1culos\u201d.<\/p>\n<p>Al hacer el uso de la voz, Hugo Mart\u00ednez, presidente de la Sociedad de Alumnos, manifest\u00f3 que la Semana de Ingenier\u00eda Civil tiene como objetivo \u201campliar el conocimiento y habilidades de los futuros ingenieros. El objetivo es que nos motivemos a investigar m\u00e1s all\u00e1 de lo visto en clases, lo cual nos ayudar\u00e1 como estudiantes y como profesionistas\u201d, enfatiz\u00f3.<\/p>\n<p>Pedro Ure\u00f1a Moctezuma, director general del Instituto de Suelo, Urbanizaci\u00f3n y Vivienda del Estado de Colima (INSUVI), dijo que la semana de Ingenier\u00eda Civil es un festejo que sirve para que los estudiantes interact\u00faen con profesionales del \u00e1rea, \u201clo cual es una forma de crecer y fortalecerse\u201d.<\/p>\n<p>Adem\u00e1s, Jos\u00e9 S\u00e1nchez Romo, secretario de Infraestructura y Desarrollo Urbano del Estado, dijo que la Ingenier\u00eda Civil es la base del desarrollo de infraestructura del estado y del pa\u00eds: \u201cNo quiero dejar atr\u00e1s a los arquitectos, pero creo que juntos y haciendo cada quien su labor, son la base del desarrollo\u201d, coment\u00f3.<\/p>\n<p>Por \u00faltimo, dijo que espera que esta semana sea de aprendizaje y, sobre todo, \u201cque tengan una reflexi\u00f3n que lleve a una mejor sociedad\u201d.<\/p>\n<p>&nbsp;<\/p>\n<p>&nbsp;<\/p>\n","protected":false},"excerpt":{"rendered":"<p>*\u201cLa idea es \u201cfortalecer los conocimientos que los alumnos reciben en las aulas\u201d: Adri\u00e1n L\u00f3pez, delegado en Coquimatl\u00e1n. La ma\u00f1ana del martes, en el Paraninfo Universitario, se inauguraron la Semana de Ingenier\u00eda Civil y las Jornadas Geom\u00e1ticas que organiza la Facultad de Ingenier\u00eda Civil (FIC), ubicada en el campus de Coquimatl\u00e1n. Adri\u00e1n L\u00f3pez Virgen, delegado&#8230;<\/p>\n","protected":false},"author":2,"featured_media":4626,"comment_status":"open","ping_status":"open","sticky":false,"template":"","format":"standard","meta":{"footnotes":""},"categories":[14],"tags":[29,30,28],"class_list":["post-4625","post","type-post","status-publish","format-standard","has-post-thumbnail","hentry","category-educacion-y-cultura","tag-grid","tag-news","tag-slider"],"_links":{"self":[{"href":"http:\/\/elobservatorio.com.mx\/index.php?rest_route=\/wp\/v2\/posts\/4625"}],"collection":[{"href":"http:\/\/elobservatorio.com.mx\/index.php?rest_route=\/wp\/v2\/posts"}],"about":[{"href":"http:\/\/elobservatorio.com.mx\/index.php?rest_route=\/wp\/v2\/types\/post"}],"author":[{"embeddable":true,"href":"http:\/\/elobservatorio.com.mx\/index.php?rest_route=\/wp\/v2\/users\/2"}],"replies":[{"embeddable":true,"href":"http:\/\/elobservatorio.com.mx\/index.php?rest_route=%2Fwp%2Fv2%2Fcomments&post=4625"}],"version-history":[{"count":0,"href":"http:\/\/elobservatorio.com.mx\/index.php?rest_route=\/wp\/v2\/posts\/4625\/revisions"}],"wp:featuredmedia":[{"embeddable":true,"href":"http:\/\/elobservatorio.com.mx\/index.php?rest_route=\/wp\/v2\/media\/4626"}],"wp:attachment":[{"href":"http:\/\/elobservatorio.com.mx\/index.php?rest_route=%2Fwp%2Fv2%2Fmedia&parent=4625"}],"wp:term":[{"taxonomy":"category","embeddable":true,"href":"http:\/\/elobservatorio.com.mx\/index.php?rest_route=%2Fwp%2Fv2%2Fcategories&post=4625"},{"taxonomy":"post_tag","embeddable":true,"href":"http:\/\/elobservatorio.com.mx\/index.php?rest_route=%2Fwp%2Fv2%2Ftags&post=4625"}],"curies":[{"name":"wp","href":"https:\/\/api.w.org\/{rel}","templated":true}]}}