{"id":4640,"date":"2019-05-08T17:47:47","date_gmt":"2019-05-08T17:47:47","guid":{"rendered":"http:\/\/elobservatorio.com.mx\/atraco-a-pensiones"},"modified":"2019-05-08T17:47:47","modified_gmt":"2019-05-08T17:47:47","slug":"atraco-a-pensiones","status":"publish","type":"post","link":"http:\/\/elobservatorio.com.mx\/?p=4640","title":{"rendered":"Atraco a pensiones"},"content":{"rendered":"<p><strong>Diurnarius<\/strong><\/p>\n<p>Miguel \u00c1ngel S\u00e1nchez Romero<\/p>\n<p>Las repercusiones de la Nueva Ley de Pensiones de los Servidores P\u00fablicos del Estado de Colima que fue aprobada en <em>Fast Track <\/em>por la anterior legislatura del Congreso del Estado, y que entr\u00f3 en vigor el 1 de enero del 2019, ha comenzado a dejar al descubierto un serie de irregularidades que no solo atentan contra los derechos laborales de los trabajadores, sino que ha exhibido una red de corrupci\u00f3n, encubrimiento, impunidad y de manejos turbios del fondo de pensiones, del que misteriosamente desaparecieron m\u00e1s de 1 mil millones de pesos, sin que hasta el momento haya responsables del millonario desv\u00edo de recursos.<\/p>\n<p>Desafortunadamente para los Trabajador al Servicio del Gobierno del Estado, hace algunos d\u00edas sin saberlo fueron v\u00edctimas de una maniobra administrativa realizada por el Gobernador Jos\u00e9 Ignacio Peralta y su equipo de tecn\u00f3cratas, al cambiarlos a la modalidad 38 del IMSS, la cual \u00fanicamente cubre el Seguro de Riesgo de Trabajo\u00a0 y Seguro de Enfermedades y Maternidad, lo que en pocas palabras se traduce en que s\u00f3lo tendr\u00e1n derecho a la atenci\u00f3n m\u00e9dica y hospitalizaci\u00f3n en el IMSS.<\/p>\n<p>A partir de ahora los funcionarios que quieran seguir gozando del seguro de invalidez y vida, retiro, cesant\u00eda en edad avanzada y vejez; guarder\u00edas y prestaciones sociales que brinda el IMSS, tendr\u00e1n que buscar otro trabajo fuera de Gobierno o lo deber\u00e1n de cubrir por su propia cuenta y costo, debido a que en dichas prestaciones ya no les ser\u00e1n otorgadas\u00a0 por el IMSS, sino que supuestamente ahora estar\u00e1n a cargo el Instituto de Pensiones del Estado de Colima (IPECOL).<\/p>\n<p>Mientras que el servicio de guarder\u00eda, ser\u00e1 brindado a trav\u00e9s de las estancias infantiles del Gobierno del Estado, las cuales dif\u00edcilmente estar\u00e1n en menos de un mes en condiciones, tanto de infraestructura como de personal para recibir varios centenares de ni\u00f1os y ni\u00f1as, que en los pr\u00f3ximos d\u00edas ser\u00e1n dados de baja de las guarder\u00edas del IMSS, tras haber perdido el servicio por el cambio a la modalidad 38 al que fueron sometidas las madres trabajadoras.<\/p>\n<p>Si bien es cierto que con el cambio a la modalidad 38, los trabajadores no pierden sus semanas cotizadas para recibir una pensi\u00f3n por parte del IMSS por cesant\u00eda en edad avanzada o\u00a0 vejez; tambi\u00e9n es cierto que aun que todos podr\u00e1n hacer aportaciones voluntarios bajo el r\u00e9gimen de la modalidad 40, s\u00f3lo aquellos que corresponden a la Ley del 73, que quedaron inscritos en el IMSS antes de mes de Julio de 1997 pueden tener un beneficio a corto plazo; el resto de los trabajadores que se inscribieron despu\u00e9s de esa fecha, si quieren tener derecho a una pensi\u00f3n por parte del IMSS, deber\u00e1n forzosamente contar con 1,250 semanas cotizadas y tener 60 a\u00f1os, de lo contrario recibieran una negativa de pensi\u00f3n y s\u00f3lo les ser\u00e1 entregado en un solo pago el monto de su cuenta de Afore; por lo que ahora, con el cambio a la modalidad 38 muchos trabajadores van a llorar al momento que se quieran pensionar o jubilar en el IMSS.<\/p>\n<p>Con el cambio de trabajadores a la modalidad 38 del IMSS, la administraci\u00f3n de Jos\u00e9 Ignacio Peralta \u00a0exhibe el doble fondo de la Nueva Ley de Pensiones de los Servidores P\u00fablicos del Estado de Colima, la cual le permitir\u00e1 al Ejecutivo Estatal administrar y disponer de una gran cantidad de recursos retenidos del sueldo de los trabajadores que podr\u00e1 utilizar discrecionalmente, pero sobre todo le permiti\u00f3 maquillar y ocultar las irregularidades y la millonaria deuda que tiene con el IMSS.<\/p>\n<p><a href=\"mailto:miguelinosan@yahoo.com.mx\">miguelinosan@yahoo.com.mx<\/a><\/p>\n<p>&nbsp;<\/p>\n<p>&nbsp;<\/p>\n","protected":false},"excerpt":{"rendered":"<p>Diurnarius Miguel \u00c1ngel S\u00e1nchez Romero Las repercusiones de la Nueva Ley de Pensiones de los Servidores P\u00fablicos del Estado de Colima que fue aprobada en Fast Track por la anterior legislatura del Congreso del Estado, y que entr\u00f3 en vigor el 1 de enero del 2019, ha comenzado a dejar al descubierto un serie de&#8230;<\/p>\n","protected":false},"author":2,"featured_media":694,"comment_status":"open","ping_status":"open","sticky":false,"template":"","format":"standard","meta":{"footnotes":""},"categories":[11],"tags":[29,30,28],"class_list":["post-4640","post","type-post","status-publish","format-standard","has-post-thumbnail","hentry","category-opinion","tag-grid","tag-news","tag-slider"],"_links":{"self":[{"href":"http:\/\/elobservatorio.com.mx\/index.php?rest_route=\/wp\/v2\/posts\/4640"}],"collection":[{"href":"http:\/\/elobservatorio.com.mx\/index.php?rest_route=\/wp\/v2\/posts"}],"about":[{"href":"http:\/\/elobservatorio.com.mx\/index.php?rest_route=\/wp\/v2\/types\/post"}],"author":[{"embeddable":true,"href":"http:\/\/elobservatorio.com.mx\/index.php?rest_route=\/wp\/v2\/users\/2"}],"replies":[{"embeddable":true,"href":"http:\/\/elobservatorio.com.mx\/index.php?rest_route=%2Fwp%2Fv2%2Fcomments&post=4640"}],"version-history":[{"count":0,"href":"http:\/\/elobservatorio.com.mx\/index.php?rest_route=\/wp\/v2\/posts\/4640\/revisions"}],"wp:featuredmedia":[{"embeddable":true,"href":"http:\/\/elobservatorio.com.mx\/index.php?rest_route=\/wp\/v2\/media\/694"}],"wp:attachment":[{"href":"http:\/\/elobservatorio.com.mx\/index.php?rest_route=%2Fwp%2Fv2%2Fmedia&parent=4640"}],"wp:term":[{"taxonomy":"category","embeddable":true,"href":"http:\/\/elobservatorio.com.mx\/index.php?rest_route=%2Fwp%2Fv2%2Fcategories&post=4640"},{"taxonomy":"post_tag","embeddable":true,"href":"http:\/\/elobservatorio.com.mx\/index.php?rest_route=%2Fwp%2Fv2%2Ftags&post=4640"}],"curies":[{"name":"wp","href":"https:\/\/api.w.org\/{rel}","templated":true}]}}