{"id":4660,"date":"2019-05-08T19:59:00","date_gmt":"2019-05-08T19:59:00","guid":{"rendered":"http:\/\/elobservatorio.com.mx\/coordinan-acciones-para-regular-flujo-vehicular-en-la-zona-de-la-central-camionera"},"modified":"2019-05-08T19:59:00","modified_gmt":"2019-05-08T19:59:00","slug":"coordinan-acciones-para-regular-flujo-vehicular-en-la-zona-de-la-central-camionera","status":"publish","type":"post","link":"http:\/\/elobservatorio.com.mx\/?p=4660","title":{"rendered":"Coordinan acciones para regular flujo vehicular en la zona de la central camionera"},"content":{"rendered":"<p>En reuni\u00f3n con el Presidente Municipal de Tecom\u00e1n, El\u00edas Antonio Lozano Ochoa, el Secretario de Movilidad Rafael Mart\u00ednez Brun, dio a conocer que debido a la gran cantidad de veh\u00edculos que circulan diariamente por el \u00e1rea de la central de autobuses, se le solicit\u00f3 al alcalde el apoyo para hacer una intervenci\u00f3n de movilidad en esa \u00e1rea ya que de manera frecuente se presentan conflictos en la zona y con estas acciones se estar\u00eda trabajando en beneficio de la ciudadan\u00eda que hace uso de esos espacios.<\/p>\n<p>En la reuni\u00f3n en donde estuvieron presentes, adem\u00e1s, el Delegado de Movilidad en Tecom\u00e1n Armando Reyna Maga\u00f1a, el Director de Vialidad Mario Narvaez Zapata y el Director de Obras P\u00fablicas y Desarrollo Urbano Belarmino Cordero G\u00f3mez; tambi\u00e9n se acord\u00f3 junto con la Secretar\u00eda de Movilidad, integrar dos equipos de trabajo para identificar las zonas en donde se van a colocar paraderos para resguardar a los usuarios del transporte urbano y que puedan estar cubiertos del sol y de las inclemencias del tiempo.<\/p>\n<p>El Presidente Municipal El\u00edas Lozano mostr\u00f3 toda la disponibilidad para coadyuvar con la Secretar\u00eda de Movilidad en todo lo que sea necesario para poder ir haciendo de manera conjunta un reordenamiento integral en el municipio de Tecom\u00e1n.<\/p>\n<p>En otro orden de ideas el Secretario de Movilidad refiri\u00f3 que en beneficio de los ciudadanos de Tecom\u00e1n, \u00e9ste pr\u00f3ximo 28 de mayo estar\u00e1n a primera hora, en la localidad de Madrid, en la cancha techada ofreciendo el 50% de descuento en las licencias para manejo de automovilistas y motociclistas en beneficio de los habitantes de las zonas rurales.<\/p>\n<p>Y abund\u00f3 que en Cerro de Ortega estar\u00e1n haciendo lo conducente el 30 de mayo, tambi\u00e9n en la cancha techada de esa localidad, en cumplimiento a lo dispuesto en el decreto N\u00famero 55 aprobado por el Honorable Congreso del estado y publicado el 23 de marzo del 2019; ya que desde el 22 de abril y hasta el 23 de junio se estar\u00e1 apoyando con este descuento a toda la zona rural del estado de Colima.<\/p>\n","protected":false},"excerpt":{"rendered":"<p>En reuni\u00f3n con el Presidente Municipal de Tecom\u00e1n, El\u00edas Antonio Lozano Ochoa, el Secretario de Movilidad Rafael Mart\u00ednez Brun, dio a conocer que debido a la gran cantidad de veh\u00edculos que circulan diariamente por el \u00e1rea de la central de autobuses, se le solicit\u00f3 al alcalde el apoyo para hacer una intervenci\u00f3n de movilidad en&#8230;<\/p>\n","protected":false},"author":2,"featured_media":4661,"comment_status":"open","ping_status":"open","sticky":false,"template":"","format":"standard","meta":{"footnotes":""},"categories":[8,34],"tags":[29,30,28],"class_list":["post-4660","post","type-post","status-publish","format-standard","has-post-thumbnail","hentry","category-municipios","category-tecoman","tag-grid","tag-news","tag-slider"],"_links":{"self":[{"href":"http:\/\/elobservatorio.com.mx\/index.php?rest_route=\/wp\/v2\/posts\/4660"}],"collection":[{"href":"http:\/\/elobservatorio.com.mx\/index.php?rest_route=\/wp\/v2\/posts"}],"about":[{"href":"http:\/\/elobservatorio.com.mx\/index.php?rest_route=\/wp\/v2\/types\/post"}],"author":[{"embeddable":true,"href":"http:\/\/elobservatorio.com.mx\/index.php?rest_route=\/wp\/v2\/users\/2"}],"replies":[{"embeddable":true,"href":"http:\/\/elobservatorio.com.mx\/index.php?rest_route=%2Fwp%2Fv2%2Fcomments&post=4660"}],"version-history":[{"count":0,"href":"http:\/\/elobservatorio.com.mx\/index.php?rest_route=\/wp\/v2\/posts\/4660\/revisions"}],"wp:featuredmedia":[{"embeddable":true,"href":"http:\/\/elobservatorio.com.mx\/index.php?rest_route=\/wp\/v2\/media\/4661"}],"wp:attachment":[{"href":"http:\/\/elobservatorio.com.mx\/index.php?rest_route=%2Fwp%2Fv2%2Fmedia&parent=4660"}],"wp:term":[{"taxonomy":"category","embeddable":true,"href":"http:\/\/elobservatorio.com.mx\/index.php?rest_route=%2Fwp%2Fv2%2Fcategories&post=4660"},{"taxonomy":"post_tag","embeddable":true,"href":"http:\/\/elobservatorio.com.mx\/index.php?rest_route=%2Fwp%2Fv2%2Ftags&post=4660"}],"curies":[{"name":"wp","href":"https:\/\/api.w.org\/{rel}","templated":true}]}}