{"id":4708,"date":"2019-05-10T04:09:03","date_gmt":"2019-05-10T04:09:03","guid":{"rendered":"http:\/\/elobservatorio.com.mx\/este-sabado-presentacion-de-candidatas-al-titulo-senorita-cuauhtemoc"},"modified":"2019-05-10T04:09:03","modified_gmt":"2019-05-10T04:09:03","slug":"este-sabado-presentacion-de-candidatas-al-titulo-senorita-cuauhtemoc","status":"publish","type":"post","link":"http:\/\/elobservatorio.com.mx\/?p=4708","title":{"rendered":"Este s\u00e1bado, presentaci\u00f3n de candidatas al t\u00edtulo se\u00f1orita Cuauht\u00e9moc"},"content":{"rendered":"<p>El Ayuntamiento de Cuauht\u00e9moc que encabeza el alcalde, Rafael Mendoza, a trav\u00e9s de la Direcci\u00f3n de Educaci\u00f3n, Cultura y Deporte, junto con el Comit\u00e9 organizador; llevar\u00e1 a cabo este s\u00e1bado 11 de mayo, en punto de las 8:30 de la noche en el andador Morelos de la Cabecera municipal, la presentaci\u00f3n al pueblo de las candidatas al t\u00edtulo de Se\u00f1orita Cuauht\u00e9moc 2019.<\/p>\n<p>La directora de Educaci\u00f3n, Cultura y Deporte, Isabel L\u00f3pez Serrano, dio a conocer que como parte de esta actividad se tendr\u00e1 la presentaci\u00f3n de un ballet sorpresa, proveniente de la capital del estado y que las participantes estar\u00e1n acompa\u00f1adas de la Se\u00f1orita Cuauht\u00e9moc 2018, Karina Vargas, recordando que en esta ocasi\u00f3n no se califica ning\u00fan aspecto, pues el objetivo es solamente dar a conocer a las candidatas ante el pueblo.<\/p>\n<p>Por ello, L\u00f3pez Serrano, invit\u00f3 a los habitantes de las diversas localidades, as\u00ed como a las autoridades auxiliares,\u00a0 para que acudan y apoyen a sus candidatas, pues para las chicas resulta de gran importancia el sentir ese respaldo por parte de sus familias y sus vecinos;\u00a0 independientemente del apoyo que ya les\u00a0 brindan, pero de forma igualitaria,\u00a0 las autoridades municipales;\u00a0\u00a0 se\u00f1alando que por Queser\u00eda participan,\u00a0 Yesenia Cristal M\u00e9ndez Rol\u00f3n y Alondra Gonz\u00e1lez Avalos; por Cuauht\u00e9moc, Mar\u00eda Fernanda Tejeda Zamora\u00a0 y Alma Elina Pulido Hern\u00e1ndez; por el Trapiche, Aixa Goretti Guizar Bonoz y Reyna Ofelia Gonz\u00e1lez Andrade; por Alcaraces, Ana Silvia Verduzco Orozco y por San Joaqu\u00edn, Fernanda Yunu\u00e9 Mir\u00f3n Andrade.<\/p>\n<p>De igual manera, la funcionaria municipal record\u00f3 que el premio\u00a0 en este certamen es la entrega de un reconocimiento, banda y corona de Se\u00f1orita Cuauht\u00e9moc, pero de manera especial,\u00a0 el representar al municipio en el certamen de elecci\u00f3n de la Reina de la Feria de Todos los Santos Colima 2019, para lo cual el Ayuntamiento de Cuauht\u00e9moc encabezado por Rafael Mendoza, brinda todo el\u00a0 respaldo a la representante.<\/p>\n","protected":false},"excerpt":{"rendered":"<p>El Ayuntamiento de Cuauht\u00e9moc que encabeza el alcalde, Rafael Mendoza, a trav\u00e9s de la Direcci\u00f3n de Educaci\u00f3n, Cultura y Deporte, junto con el Comit\u00e9 organizador; llevar\u00e1 a cabo este s\u00e1bado 11 de mayo, en punto de las 8:30 de la noche en el andador Morelos de la Cabecera municipal, la presentaci\u00f3n al pueblo de las&#8230;<\/p>\n","protected":false},"author":2,"featured_media":4709,"comment_status":"open","ping_status":"open","sticky":false,"template":"","format":"standard","meta":{"footnotes":""},"categories":[40,8],"tags":[29,30,28],"class_list":["post-4708","post","type-post","status-publish","format-standard","has-post-thumbnail","hentry","category-cuauhtemoc","category-municipios","tag-grid","tag-news","tag-slider"],"_links":{"self":[{"href":"http:\/\/elobservatorio.com.mx\/index.php?rest_route=\/wp\/v2\/posts\/4708"}],"collection":[{"href":"http:\/\/elobservatorio.com.mx\/index.php?rest_route=\/wp\/v2\/posts"}],"about":[{"href":"http:\/\/elobservatorio.com.mx\/index.php?rest_route=\/wp\/v2\/types\/post"}],"author":[{"embeddable":true,"href":"http:\/\/elobservatorio.com.mx\/index.php?rest_route=\/wp\/v2\/users\/2"}],"replies":[{"embeddable":true,"href":"http:\/\/elobservatorio.com.mx\/index.php?rest_route=%2Fwp%2Fv2%2Fcomments&post=4708"}],"version-history":[{"count":0,"href":"http:\/\/elobservatorio.com.mx\/index.php?rest_route=\/wp\/v2\/posts\/4708\/revisions"}],"wp:featuredmedia":[{"embeddable":true,"href":"http:\/\/elobservatorio.com.mx\/index.php?rest_route=\/wp\/v2\/media\/4709"}],"wp:attachment":[{"href":"http:\/\/elobservatorio.com.mx\/index.php?rest_route=%2Fwp%2Fv2%2Fmedia&parent=4708"}],"wp:term":[{"taxonomy":"category","embeddable":true,"href":"http:\/\/elobservatorio.com.mx\/index.php?rest_route=%2Fwp%2Fv2%2Fcategories&post=4708"},{"taxonomy":"post_tag","embeddable":true,"href":"http:\/\/elobservatorio.com.mx\/index.php?rest_route=%2Fwp%2Fv2%2Ftags&post=4708"}],"curies":[{"name":"wp","href":"https:\/\/api.w.org\/{rel}","templated":true}]}}