{"id":4743,"date":"2019-05-13T19:09:11","date_gmt":"2019-05-13T19:09:11","guid":{"rendered":"http:\/\/elobservatorio.com.mx\/responsabilizan-a-productores-de-aguacate-de-incendios-forestales"},"modified":"2019-05-13T19:09:11","modified_gmt":"2019-05-13T19:09:11","slug":"responsabilizan-a-productores-de-aguacate-de-incendios-forestales","status":"publish","type":"post","link":"http:\/\/elobservatorio.com.mx\/?p=4743","title":{"rendered":"Responsabilizan a productores de aguacate de incendios forestales"},"content":{"rendered":"<p><em>*En los \u00faltimos 20 a\u00f1os han sido deforestadas 12 mil hect\u00e1reas del Parque Nacional nevado de Colima.<\/em><\/p>\n<p>Alfredo Quiles Cabrera<\/p>\n<p>Productores de aguacate del Estado de Jalisco, principalmente de la zona aleda\u00f1a al Parque Nacional Nevado de Colima, han sido se\u00f1alados como uno de los posibles responsables de los incendios que ha consumido cerca de 11 mil hect\u00e1reas en dicha zona viscosa.<\/p>\n<p>Datos de autoridades estatales se\u00f1alan que en los \u00faltimos 20 a\u00f1os, 12 mil hect\u00e1reas de bosques de Jalisco desaparecieron para dar paso a cultivos de aguacate, siendo una de las zonas m\u00e1s depredadas el sur de Jalisco.<\/p>\n<p>A trav\u00e9s de la p\u00e1gina Change.ORG cerca de 38 mil personas han firmado una petici\u00f3n para que las autoridades no permitan el cambio de uso de suelo para sembrar cultivos agr\u00edcolas.<\/p>\n<p>\u201cDebido a los incendios forestales que se han suscitado en los \u00faltimos d\u00edas en la sierra conocida como \u00abLa media luna\u00bb al noreste del valle de Zapotl\u00e1n el Grande Jalisco, solicitamos el que se investigue de manera clara y transparente el origen de los mismos y se sancione de manera contundente a quien o quienes hayan provocado este ecocidio\u201d.<\/p>\n<p>Solicitaron que \u201cel que se establezcan estrategias de reparaci\u00f3n de los bosques, con el prop\u00f3sito de que no se cambie el uso de los suelos aprovech\u00e1ndose de esta tragedia\u201d.<\/p>\n<p>Agregan que \u201cya que existen grupos empresas dedicadas al cultivo del aguacate y berries (bayas) que buscan un beneficio particular y lamentablemente en los \u00faltimos a\u00f1os los bosques del valle de Zapotl\u00e1n se han visto disminuidos dram\u00e1ticamente por esta actividad, con lo cual el deterioro en el equilibrio climatol\u00f3gico se ha visto afectado y por ende los que habitamos en este valle sufrimos las consecuencias\u201d establece la petici\u00f3n.<\/p>\n","protected":false},"excerpt":{"rendered":"<p>*En los \u00faltimos 20 a\u00f1os han sido deforestadas 12 mil hect\u00e1reas del Parque Nacional nevado de Colima. Alfredo Quiles Cabrera Productores de aguacate del Estado de Jalisco, principalmente de la zona aleda\u00f1a al Parque Nacional Nevado de Colima, han sido se\u00f1alados como uno de los posibles responsables de los incendios que ha consumido cerca de&#8230;<\/p>\n","protected":false},"author":2,"featured_media":4744,"comment_status":"open","ping_status":"open","sticky":false,"template":"","format":"standard","meta":{"footnotes":""},"categories":[12],"tags":[29,30,28],"class_list":["post-4743","post","type-post","status-publish","format-standard","has-post-thumbnail","hentry","category-sociedad","tag-grid","tag-news","tag-slider"],"_links":{"self":[{"href":"http:\/\/elobservatorio.com.mx\/index.php?rest_route=\/wp\/v2\/posts\/4743"}],"collection":[{"href":"http:\/\/elobservatorio.com.mx\/index.php?rest_route=\/wp\/v2\/posts"}],"about":[{"href":"http:\/\/elobservatorio.com.mx\/index.php?rest_route=\/wp\/v2\/types\/post"}],"author":[{"embeddable":true,"href":"http:\/\/elobservatorio.com.mx\/index.php?rest_route=\/wp\/v2\/users\/2"}],"replies":[{"embeddable":true,"href":"http:\/\/elobservatorio.com.mx\/index.php?rest_route=%2Fwp%2Fv2%2Fcomments&post=4743"}],"version-history":[{"count":0,"href":"http:\/\/elobservatorio.com.mx\/index.php?rest_route=\/wp\/v2\/posts\/4743\/revisions"}],"wp:featuredmedia":[{"embeddable":true,"href":"http:\/\/elobservatorio.com.mx\/index.php?rest_route=\/wp\/v2\/media\/4744"}],"wp:attachment":[{"href":"http:\/\/elobservatorio.com.mx\/index.php?rest_route=%2Fwp%2Fv2%2Fmedia&parent=4743"}],"wp:term":[{"taxonomy":"category","embeddable":true,"href":"http:\/\/elobservatorio.com.mx\/index.php?rest_route=%2Fwp%2Fv2%2Fcategories&post=4743"},{"taxonomy":"post_tag","embeddable":true,"href":"http:\/\/elobservatorio.com.mx\/index.php?rest_route=%2Fwp%2Fv2%2Ftags&post=4743"}],"curies":[{"name":"wp","href":"https:\/\/api.w.org\/{rel}","templated":true}]}}