{"id":4746,"date":"2019-05-13T19:11:40","date_gmt":"2019-05-13T19:11:40","guid":{"rendered":"http:\/\/elobservatorio.com.mx\/embajador-de-costa-de-marfil-visita-el-puerto-de-manzanillo"},"modified":"2019-05-13T19:11:40","modified_gmt":"2019-05-13T19:11:40","slug":"embajador-de-costa-de-marfil-visita-el-puerto-de-manzanillo","status":"publish","type":"post","link":"http:\/\/elobservatorio.com.mx\/?p=4746","title":{"rendered":"Embajador de Costa de Marfil visita el Puerto de Manzanillo"},"content":{"rendered":"<p><em>*Manzanillo es una v\u00e9rtebra fort\u00edsima que sostiene las relaciones econ\u00f3micas de M\u00e9xico con el mundo\u00bb, dijo el Embajador<\/em><\/p>\n<p>Alfredo Quiles Cabrera<\/p>\n<p>El Embajador Extraordinario de la Rep\u00fablica de Costa de Marfil, Robert Djerou Ly, realiz\u00f3 una visita de cortes\u00eda al recinto portuario y las instalaciones de la Administraci\u00f3n Portuaria Integral de Manzanillo.<\/p>\n<p>Durante esta visita y recorrido, el Excelent\u00edsimo Embajador Extraordinario de la Rep\u00fablica de Costa de Marfil estuvo acompa\u00f1\u00e1ndolo en el recorrido la presidente municipal, Griselda Mart\u00ednez Mart\u00ednez, as\u00ed como funcionarios municipales, siendo atendido el diplom\u00e1tico por el Gerente de Comercializaci\u00f3n, Jos\u00e9 Mar\u00eda Ibarreche Ibarreche, quien ofreci\u00f3 al visitante la informaci\u00f3n relativa al puerto comercial.<\/p>\n<p>Durante la visita, personal de la API explic\u00f3 al distinguido visitante que el recinto portuario se encuentra asentado en 437 hect\u00e1reas, cont\u00e1ndose adem\u00e1s con un Patio Regulador con 74 hect\u00e1reas m\u00e1s, espacios en los cuales se recibe la mercanc\u00eda y desde la que se transporta a sus destinos finales.<\/p>\n<p>Se le inform\u00f3 que Manzanillo ocupa actualmente el primer lugar entre los puertos mexicanos y el tercero en Am\u00e9rica Latina en movimiento de carga, y que en el \u00faltimo a\u00f1o ha movilizado m\u00e1s de 3 millones de TEUS.<\/p>\n<p>Jos\u00e9 Mar\u00eda Ibarreche dio a conocer al Embajador algunos datos del proyecto del Puerto Cuyutl\u00e1n, que contar\u00e1 con 3 mil 409 hect\u00e1reas, y que ser\u00e1 casi nueve veces m\u00e1s grande que el puerto actual y ser\u00e1 una de las obras torales del sexenio del presidente Andr\u00e9s Manuel L\u00f3pez Obrador.<\/p>\n<p>El embajador se mostr\u00f3 complacido de conocer el puerto y aprovech\u00f3 para hacer algunos comentarios comparativos con algunos puertos africanos como el de Durban en Sud\u00e1frica y los dos puertos m\u00e1s importantes de su pa\u00eds: Abiy\u00e1n y San Pedro, desde los que se exportan mercanc\u00edas muy variadas.<\/p>\n<p>Se dijo sorprendido del gran crecimiento del puerto colimense y expres\u00f3 que constituye una \u00abv\u00e9rtebra fort\u00edsima que sostiene el comercio y las relaciones de M\u00e9xico con el mundo\u00bb, por lo que calific\u00f3 a nuestro puerto como \u00abun sitio de gran inter\u00e9s para los inversionistas del mundo entero\u00bb.<\/p>\n<p>En su visita, el Embajador de Costa de Marfil recibi\u00f3 informaci\u00f3n estad\u00edstica, econ\u00f3mica, cultural, hist\u00f3rica y log\u00edstica del puerto comercial, entreg\u00e1ndole adem\u00e1s el Gerente de Comercializaci\u00f3n algunos presentes de parte del Director General de la API, Capit\u00e1n H\u00e9ctor Mora G\u00f3mez, quien le salud\u00f3 por la v\u00eda telef\u00f3nica.<\/p>\n<p>Costa de Marfil es un productivo y exitoso pa\u00eds africano que tiene una extensi\u00f3n territorial de 322, 463 kil\u00f3metros cuadrados y una poblaci\u00f3n superior a los 23 millones de habitantes.<\/p>\n<p>Tiene dos puertos de gran importancia en aquel continente: Abiy\u00e1n y San Pedro, desde los que se manejan mercanc\u00edas muy variadas, fundamentalmente las exportaciones de cacao, cultivo del que es el mayor productor mundial.<\/p>\n","protected":false},"excerpt":{"rendered":"<p>*Manzanillo es una v\u00e9rtebra fort\u00edsima que sostiene las relaciones econ\u00f3micas de M\u00e9xico con el mundo\u00bb, dijo el Embajador Alfredo Quiles Cabrera El Embajador Extraordinario de la Rep\u00fablica de Costa de Marfil, Robert Djerou Ly, realiz\u00f3 una visita de cortes\u00eda al recinto portuario y las instalaciones de la Administraci\u00f3n Portuaria Integral de Manzanillo. Durante esta visita&#8230;<\/p>\n","protected":false},"author":2,"featured_media":4747,"comment_status":"open","ping_status":"open","sticky":false,"template":"","format":"standard","meta":{"footnotes":""},"categories":[18],"tags":[29,30,28],"class_list":["post-4746","post","type-post","status-publish","format-standard","has-post-thumbnail","hentry","category-region","tag-grid","tag-news","tag-slider"],"_links":{"self":[{"href":"http:\/\/elobservatorio.com.mx\/index.php?rest_route=\/wp\/v2\/posts\/4746"}],"collection":[{"href":"http:\/\/elobservatorio.com.mx\/index.php?rest_route=\/wp\/v2\/posts"}],"about":[{"href":"http:\/\/elobservatorio.com.mx\/index.php?rest_route=\/wp\/v2\/types\/post"}],"author":[{"embeddable":true,"href":"http:\/\/elobservatorio.com.mx\/index.php?rest_route=\/wp\/v2\/users\/2"}],"replies":[{"embeddable":true,"href":"http:\/\/elobservatorio.com.mx\/index.php?rest_route=%2Fwp%2Fv2%2Fcomments&post=4746"}],"version-history":[{"count":0,"href":"http:\/\/elobservatorio.com.mx\/index.php?rest_route=\/wp\/v2\/posts\/4746\/revisions"}],"wp:featuredmedia":[{"embeddable":true,"href":"http:\/\/elobservatorio.com.mx\/index.php?rest_route=\/wp\/v2\/media\/4747"}],"wp:attachment":[{"href":"http:\/\/elobservatorio.com.mx\/index.php?rest_route=%2Fwp%2Fv2%2Fmedia&parent=4746"}],"wp:term":[{"taxonomy":"category","embeddable":true,"href":"http:\/\/elobservatorio.com.mx\/index.php?rest_route=%2Fwp%2Fv2%2Fcategories&post=4746"},{"taxonomy":"post_tag","embeddable":true,"href":"http:\/\/elobservatorio.com.mx\/index.php?rest_route=%2Fwp%2Fv2%2Ftags&post=4746"}],"curies":[{"name":"wp","href":"https:\/\/api.w.org\/{rel}","templated":true}]}}