{"id":4753,"date":"2019-05-13T19:18:30","date_gmt":"2019-05-13T19:18:30","guid":{"rendered":"http:\/\/elobservatorio.com.mx\/servicios-de-salud-se-mantienen-en-colima-pese-a-indefiniciones-el-programas-del-gobierno-federal"},"modified":"2019-05-13T19:18:30","modified_gmt":"2019-05-13T19:18:30","slug":"servicios-de-salud-se-mantienen-en-colima-pese-a-indefiniciones-el-programas-del-gobierno-federal","status":"publish","type":"post","link":"http:\/\/elobservatorio.com.mx\/?p=4753","title":{"rendered":"Servicios de salud se mantienen en Colima, pese a indefiniciones el programas del gobierno federal"},"content":{"rendered":"<p><em> *Atenci\u00f3n a la salud, conforme a derecho y disponibilidad de recursos: MBH =Comparece el titular de Salud ante diputados =Se rehabilita el \u00e1rea de terapia intensiva del Hospital Regional Universitario, durar\u00e1n cuando menos cuatro semanas.<\/em><\/p>\n<p>Alfredo Quiles Cabrera<\/p>\n<p>La atenci\u00f3n a la salud en el estado est\u00e1 garantizada y se trabaja para fortalecer la protecci\u00f3n de este derecho con la disponibilidad de recursos que existen, aun ante la falta de la definici\u00f3n de programas de operaci\u00f3n desde la federaci\u00f3n.<\/p>\n<p>As\u00ed sostuvo el titular de Salud, Miguel Becerra Hern\u00e1ndez ante los planteamientos hechos por los diputados integrantes de la fracci\u00f3n Morena al comparecer la ma\u00f1ana del lunes en el Congreso del Estado.<\/p>\n<p>Becerra Hern\u00e1ndez asever\u00f3 que la Ley de Salud es clara y que dispone las bases y modalidades para acceder al derecho a la salud; sin embargo tambi\u00e9n requiere que las acciones y programas de operaci\u00f3n queden claros por parte de la federaci\u00f3n para que se operen en las entidades.<\/p>\n<p>El titular de la dependencia estatal aclar\u00f3 cada uno de los seis planteamientos de los legisladores, iniciando con el servicio de terapia intensiva, cuya sala fue trasladada temporalmente a otra \u00e1rea de terapia intensiva derivado de la ruptura de un ducto, el cual quedar\u00e1 resuelto en 4 semanas, una vez que concluya la reinstalaci\u00f3n de tuber\u00edas especiales que se requieren traer desde fuera de la entidad.<\/p>\n<p>Precis\u00f3 que no ha habido ning\u00fan riesgo para los trabajadores y mucho menos para los usuarios, quienes han recibido atenci\u00f3n en la Unidad de Cuidados Intensivos de manera satisfactoria; a la fecha, 9 pacientes, 6 de ellos adultos y 3 pedi\u00e1tricos, de un total de 115 que se atienden en promedio anualmente.<\/p>\n<p>Expuso que para atender y solventar el abasto de medicamentos se cuenta con contrato adjudicado para su dispensaci\u00f3n de las farmacias de los hospitales de Colima, Tecom\u00e1n, Ixtlahuac\u00e1n, Manzanillo y en el Materno Infantil, as\u00ed como en el Instituto Estatal de Cancerolog\u00eda.<\/p>\n<p>Se ha implementado un sistema de informaci\u00f3n y registro unificado, que a trav\u00e9s de una plataforma web funcionar\u00e1 en todas las unidades con el que se quedar\u00e1n sistematizados las programaciones y consumos, con lo que se solventar\u00e1 abastos y caducidades de los insumos.<\/p>\n<p>Sobre lo que el diputado Guillermo Toscano calific\u00f3 como \u201cmedicamentos caducos\u201d, y p\u00e9rdida de insumos por falta de distribuci\u00f3n, refiri\u00f3 que el propio Almac\u00e9n Central de Salud aclar\u00f3 en su momento que este procedimiento no determina situaciones de abasto en las unidades.<\/p>\n<p>Dicha unidad dependiente de la Direcci\u00f3n Administrativa de Salud detall\u00f3 que se trat\u00f3 de insumos adquiridos en periodos fiscales anteriores al 2018 mediante pedidos de una sola entrega por la cantidad m\u00e1xima de la compra, en lugar de solicitar insumos de modo \u201cabierto\u201d, con una cantidad m\u00ednima y m\u00e1xima, a trav\u00e9s de un pedido mensual.<\/p>\n<p>Al abordar sobre la certificaci\u00f3n de unidades de salud, puntualiz\u00f3 que es un proceso totalmente distinto al de la acreditaci\u00f3n y reacreditaci\u00f3n los cuales no son un requisito obligatorio para operar un establecimiento de salud; que los recursos no se han regresado a la federaci\u00f3n y a partir de este mes de mayo inicia el proceso de acreditaci\u00f3n y reacreditaci\u00f3n de 53 unidades.<\/p>\n<p>Afirm\u00f3 que los centros de salud en Coquimatl\u00e1n y Pueblo Ju\u00e1rez se encuentran abiertos y funcionando, e insisti\u00f3 que no existe partida presupuestal para cubrir incidencias prevenibles y no prevenibles de los trabajadores de base, as\u00ed como las plazas de m\u00e9dicos pasantes que son designadas y autorizadas por el nivel federal.<\/p>\n<p>Inform\u00f3 que tan solo en el rubro de suplencias de las unidades de salud se requieren 30 millones de pesos para lo que resta del a\u00f1o.<\/p>\n<p>REHABILITACI\u00d3N DEL HRU<\/p>\n<p>Asimismo, dio a conocer que los trabajos de rehabilitaci\u00f3n del \u00e1rea de terapia intensiva del Hospital Regional Universitario, durar\u00e1n cuando menos cuatro semanas..<\/p>\n<p>Record\u00f3 que desde el 28 de marzo se present\u00f3 un problema en la conducci\u00f3n de aguas negras, originado por la ruptura, debido al desgaste de la tuber\u00eda de esa red, resultando el derrame de desechos en el techo del pasillo interior en el \u00e1rea de terapia intensiva.<\/p>\n<p>Seg\u00fan el funcionario de Salud, se atendi\u00f3 el reporte y de inmediato se procedi\u00f3 a cerrar el \u00e1rea, evacuando a los pacientes a un lugar seguro, y se inici\u00f3 la atenci\u00f3n del problema.<\/p>\n<p>Dijo que a esta fecha se est\u00e1n realizando trabajos para sondear la tuber\u00eda y sustituir la da\u00f1ada; sellar tuber\u00edas y cambiar los aislamientos de tuber\u00eda al vapor, de agua caliente, de aire acondicionado, cambiar el plaf\u00f3n de las \u00e1reas afectadas, aplicar pintura antibacterial en los muros, colocar nuevos conectores de energ\u00eda el\u00e9ctrica, as\u00ed como el suministro y colocaci\u00f3n de un nuevo lavafondos.<\/p>\n<p>Becerra Hern\u00e1ndez, acudi\u00f3 al Congreso del Estado, donde sostuvo una reuni\u00f3n de trabajo con diputados de la Quincuag\u00e9simo Novena Legislatura, quienes hab\u00edan solicitado su presencia para aclarar diversos hechos relacionados con la dependencia a su cargo.<\/p>\n","protected":false},"excerpt":{"rendered":"<p>*Atenci\u00f3n a la salud, conforme a derecho y disponibilidad de recursos: MBH =Comparece el titular de Salud ante diputados =Se rehabilita el \u00e1rea de terapia intensiva del Hospital Regional Universitario, durar\u00e1n cuando menos cuatro semanas. Alfredo Quiles Cabrera La atenci\u00f3n a la salud en el estado est\u00e1 garantizada y se trabaja para fortalecer la protecci\u00f3n&#8230;<\/p>\n","protected":false},"author":2,"featured_media":4754,"comment_status":"open","ping_status":"open","sticky":false,"template":"","format":"standard","meta":{"footnotes":""},"categories":[1],"tags":[29,30,28],"class_list":["post-4753","post","type-post","status-publish","format-standard","has-post-thumbnail","hentry","category-espacio-legislativo","tag-grid","tag-news","tag-slider"],"_links":{"self":[{"href":"http:\/\/elobservatorio.com.mx\/index.php?rest_route=\/wp\/v2\/posts\/4753"}],"collection":[{"href":"http:\/\/elobservatorio.com.mx\/index.php?rest_route=\/wp\/v2\/posts"}],"about":[{"href":"http:\/\/elobservatorio.com.mx\/index.php?rest_route=\/wp\/v2\/types\/post"}],"author":[{"embeddable":true,"href":"http:\/\/elobservatorio.com.mx\/index.php?rest_route=\/wp\/v2\/users\/2"}],"replies":[{"embeddable":true,"href":"http:\/\/elobservatorio.com.mx\/index.php?rest_route=%2Fwp%2Fv2%2Fcomments&post=4753"}],"version-history":[{"count":0,"href":"http:\/\/elobservatorio.com.mx\/index.php?rest_route=\/wp\/v2\/posts\/4753\/revisions"}],"wp:featuredmedia":[{"embeddable":true,"href":"http:\/\/elobservatorio.com.mx\/index.php?rest_route=\/wp\/v2\/media\/4754"}],"wp:attachment":[{"href":"http:\/\/elobservatorio.com.mx\/index.php?rest_route=%2Fwp%2Fv2%2Fmedia&parent=4753"}],"wp:term":[{"taxonomy":"category","embeddable":true,"href":"http:\/\/elobservatorio.com.mx\/index.php?rest_route=%2Fwp%2Fv2%2Fcategories&post=4753"},{"taxonomy":"post_tag","embeddable":true,"href":"http:\/\/elobservatorio.com.mx\/index.php?rest_route=%2Fwp%2Fv2%2Ftags&post=4753"}],"curies":[{"name":"wp","href":"https:\/\/api.w.org\/{rel}","templated":true}]}}