{"id":4763,"date":"2019-05-14T00:10:22","date_gmt":"2019-05-14T00:10:22","guid":{"rendered":"http:\/\/elobservatorio.com.mx\/felipe-cruz-instala-el-sistema-de-proteccion-integral-de-los-derechos-de-ninas-ninos-y-adolescentes"},"modified":"2019-05-14T00:10:22","modified_gmt":"2019-05-14T00:10:22","slug":"felipe-cruz-instala-el-sistema-de-proteccion-integral-de-los-derechos-de-ninas-ninos-y-adolescentes","status":"publish","type":"post","link":"http:\/\/elobservatorio.com.mx\/?p=4763","title":{"rendered":"Felipe Cruz instala el sistema de protecci\u00f3n integral de los derechos de ni\u00f1as, ni\u00f1os y adolescentes"},"content":{"rendered":"<p><em>*El SIPINNA fue aprobado por el Cabildo, el 29 de enero, ser\u00e1 conducido por Meyly Pastora Beltr\u00e1n, y tendr\u00e1 su oficina en el Complejo de Seguridad P\u00fablica<\/em><\/p>\n<p>El Presidente Municipal Felipe Cruz, con ciudadanos, miembros del Cabildo, funcionarios estatales y municipales, e integrantes del Sistema DIF, estatal y municipal, instal\u00f3 el Sistema de Protecci\u00f3n Integral de los Derechos de Ni\u00f1as, Ni\u00f1os y Adolescentes del Estado de Colima (SIPINNA), en el Sal\u00f3n de Cabildo de la Presidencia Municipal, instancia que tendr\u00e1 la responsabilidad de difundir, promover y proteger los derechos de la ni\u00f1ez y la adolescencia en el municipio.<\/p>\n<p>En esta\u00a0nueva instancia que, por ley, fue aprobada por el H. Cabildo, en Sesi\u00f3n Extraordinaria del 29 de enero del presente a\u00f1o, estar\u00e1 al frente Meyly Pastora Beltr\u00e1n, con oficina administrativa en el Complejo de Seguridad P\u00fablica.<\/p>\n<p>Durante la instalaci\u00f3n de este Sistema en favor de la ni\u00f1ez hicieron uso de la voz los infantes villalvarenses, integrantes de este nuevo organismo: Mar\u00eda Fernanda R\u00edos Urrutia, Nikolas Carre\u00f3n Gayt\u00e1n, Geraldhy Dianey Galvez Villa y Oscar Alejandro Ram\u00edrez Lares, quienes han sido difusores de los derechos de la infancia en este municipio.<\/p>\n<p>Estuvieron presentes Margarita Moreno Gonz\u00e1lez, Presidenta del Patronato DIF y Voluntariado Estatal, en representaci\u00f3n del gobernador Ignacio Peralta S\u00e1nchez; Hilario Leal Viera, en representaci\u00f3n del Secretario General de Gobierno Arnoldo Ochoa; la S\u00edndica Municipal Karina Marisol Heredia; Adri\u00e1n Menchaca Garc\u00eda, Procurador de la Protecci\u00f3n de los Derechos de Ni\u00f1as, Ni\u00f1os y Adolescentes del Estado de Colima; Martha Guti\u00e9rrez Garc\u00eda, Secretaria Ejecutiva del Sistema de Protecci\u00f3n Integral de los Derechos de Ni\u00f1as, Ni\u00f1os y Adolescentes del Estado de Colima; Lorena Novela G\u00e1lvez, directora del DIF Municipal y representante de la Presidente de esta instancia, Sandra Patricia Ceballos Polanco; las regidoras Mayr\u00e9n Polanco Gayt\u00e1n, Mar\u00eda Gloria Cort\u00e9s Sandoval; Erandi Yunu\u00e9n Rodr\u00edguez Alonzo y Graciela Jim\u00e9nez Meza; y los regidores Josu\u00e9 Eulalio Vergara Santana y Jos\u00e9 \u00c1ngel Barbosa Alc\u00e1ntar; la Secretaria del Ayuntamiento, M\u00f3nica Guti\u00e9rrez Mendoza; el Tesorero Municipal, Francisco Amezcua Delgado; y la Oficial mayor Gladia Mendoza, entre otras autoridades.<\/p>\n","protected":false},"excerpt":{"rendered":"<p>*El SIPINNA fue aprobado por el Cabildo, el 29 de enero, ser\u00e1 conducido por Meyly Pastora Beltr\u00e1n, y tendr\u00e1 su oficina en el Complejo de Seguridad P\u00fablica El Presidente Municipal Felipe Cruz, con ciudadanos, miembros del Cabildo, funcionarios estatales y municipales, e integrantes del Sistema DIF, estatal y municipal, instal\u00f3 el Sistema de Protecci\u00f3n Integral&#8230;<\/p>\n","protected":false},"author":2,"featured_media":4764,"comment_status":"open","ping_status":"open","sticky":false,"template":"","format":"standard","meta":{"footnotes":""},"categories":[8,42],"tags":[29,30,28],"class_list":["post-4763","post","type-post","status-publish","format-standard","has-post-thumbnail","hentry","category-municipios","category-villa-de-alvarez","tag-grid","tag-news","tag-slider"],"_links":{"self":[{"href":"http:\/\/elobservatorio.com.mx\/index.php?rest_route=\/wp\/v2\/posts\/4763"}],"collection":[{"href":"http:\/\/elobservatorio.com.mx\/index.php?rest_route=\/wp\/v2\/posts"}],"about":[{"href":"http:\/\/elobservatorio.com.mx\/index.php?rest_route=\/wp\/v2\/types\/post"}],"author":[{"embeddable":true,"href":"http:\/\/elobservatorio.com.mx\/index.php?rest_route=\/wp\/v2\/users\/2"}],"replies":[{"embeddable":true,"href":"http:\/\/elobservatorio.com.mx\/index.php?rest_route=%2Fwp%2Fv2%2Fcomments&post=4763"}],"version-history":[{"count":0,"href":"http:\/\/elobservatorio.com.mx\/index.php?rest_route=\/wp\/v2\/posts\/4763\/revisions"}],"wp:featuredmedia":[{"embeddable":true,"href":"http:\/\/elobservatorio.com.mx\/index.php?rest_route=\/wp\/v2\/media\/4764"}],"wp:attachment":[{"href":"http:\/\/elobservatorio.com.mx\/index.php?rest_route=%2Fwp%2Fv2%2Fmedia&parent=4763"}],"wp:term":[{"taxonomy":"category","embeddable":true,"href":"http:\/\/elobservatorio.com.mx\/index.php?rest_route=%2Fwp%2Fv2%2Fcategories&post=4763"},{"taxonomy":"post_tag","embeddable":true,"href":"http:\/\/elobservatorio.com.mx\/index.php?rest_route=%2Fwp%2Fv2%2Ftags&post=4763"}],"curies":[{"name":"wp","href":"https:\/\/api.w.org\/{rel}","templated":true}]}}