{"id":4817,"date":"2019-05-16T19:39:15","date_gmt":"2019-05-16T19:39:15","guid":{"rendered":"http:\/\/elobservatorio.com.mx\/realizan-estudiantes-planton-en-el-congreso-del-estado"},"modified":"2019-05-16T19:39:15","modified_gmt":"2019-05-16T19:39:15","slug":"realizan-estudiantes-planton-en-el-congreso-del-estado","status":"publish","type":"post","link":"http:\/\/elobservatorio.com.mx\/?p=4817","title":{"rendered":"Realizan estudiantes \u00abplant\u00f3n\u00bb en el congreso del estado"},"content":{"rendered":"<p><em>*Exigen descuento del 100 por ciento en el transporte p\u00fablico =Tambi\u00e9n demandan que el coordinador de la Fracci\u00f3n Parlamentaria de Morena se disculpe con la Federaci\u00f3n de Estudiantes Colimenses (FEC) por decirles \u201ccorruptos\u201d.<\/em><\/p>\n<p>Alfredo Quiles Cabrera<\/p>\n<p>Alumnos de diversas escuelas preparatorias y facultades de la Universidad de Colima y del Comit\u00e9 de direcci\u00f3n de la Federaci\u00f3n de Estudiantes de Colima (FEC) iniciaron este jueves \u201cun plant\u00f3n permanente\u201d ante el Congreso en demanda de que se apruebe \u201cun descuento universal del 100 por ciento para el estudiantado\u201d, adem\u00e1s de demandar que el Coordinador de la Bancada de Morena en la Legislatura, Vladimir Parra Barrag\u00e1n, se disculpe p\u00fablicamente por haber llamado \u201ccorruptos\u201d a integrantes de la FEC.<\/p>\n<p>Desde las 6.30 de la ma\u00f1ana integrantes de la FEC, encabezados por su dirigente Joel Nino, llegaron al Congreso del Estado e instalaron al interior del pleno del Congreso del Estado un campamento =con \u201ccasas de campa\u00f1a\u201d incluidas=, para estar presentes en la sesi\u00f3n de la Quincuag\u00e9sima Legislatura Local, en la que se dar\u00eda a conocer diversas reformas a la Ley de Movilidad.<\/p>\n<p>En las reformas pretendidas por la Fracci\u00f3n Parlamentaria de Morena se pretende obligar a concesionarios del Transporte a \u201cotorgar\u201d un descuento universal a todos los estudiantes del Estado \u201ccon o sin credencial de la FEC\u201d, esto es, que cualquier credencial emitida por cualquier instituci\u00f3n educativa, pretendiendo con ello =seg\u00fan Vladimir Parra= quitar el control del transporte a la FEC, Federaci\u00f3n a la que catalog\u00f3 \u201ccomo corrupta\u201d.<\/p>\n<p>Ante ello, el l\u00edder estudiantil colimense convoc\u00f3 a cientos de estudiantes preparatorianos y universitarios a realizar este \u201cplant\u00f3n permanente\u201d y exigir a los diputados el descuento del 100 por ciento en el transporte.<\/p>\n<p>Es de mencionar que el sal\u00edn de plenos se vio abarrotado de estudiantes que exig\u00edan a los diputados ser atendidos y coreaban consigas para que se apruebe el 100 por ciento de descuento a los estudiantes en el transporte p\u00fablico de pasajeros. \u00abTransporte gratuito para estudiantes\u00bb y \u00ab100 por ciento de descuento en transporte\u00bb, coreaban.<\/p>\n<p>Adem\u00e1s tambi\u00e9n exigieron una disculpa p\u00fablica del diputado de Morena Vladimir Parra quien los llam\u00f3 corruptos \u201co en su defecto que se\u00f1ale nombres y ponga denuncias si tiene pruebas\u201d.<\/p>\n<p>Joel Nuno afirm\u00f3 que estar\u00e1n todo el tiempo necesario, incluso meses, en las instalaciones del Congreso del Estado \u201chasta que sean atendidas nuestras demandas\u201d.<\/p>\n","protected":false},"excerpt":{"rendered":"<p>*Exigen descuento del 100 por ciento en el transporte p\u00fablico =Tambi\u00e9n demandan que el coordinador de la Fracci\u00f3n Parlamentaria de Morena se disculpe con la Federaci\u00f3n de Estudiantes Colimenses (FEC) por decirles \u201ccorruptos\u201d. Alfredo Quiles Cabrera Alumnos de diversas escuelas preparatorias y facultades de la Universidad de Colima y del Comit\u00e9 de direcci\u00f3n de la&#8230;<\/p>\n","protected":false},"author":2,"featured_media":4818,"comment_status":"open","ping_status":"open","sticky":false,"template":"","format":"standard","meta":{"footnotes":""},"categories":[1],"tags":[29,30,28],"class_list":["post-4817","post","type-post","status-publish","format-standard","has-post-thumbnail","hentry","category-espacio-legislativo","tag-grid","tag-news","tag-slider"],"_links":{"self":[{"href":"http:\/\/elobservatorio.com.mx\/index.php?rest_route=\/wp\/v2\/posts\/4817"}],"collection":[{"href":"http:\/\/elobservatorio.com.mx\/index.php?rest_route=\/wp\/v2\/posts"}],"about":[{"href":"http:\/\/elobservatorio.com.mx\/index.php?rest_route=\/wp\/v2\/types\/post"}],"author":[{"embeddable":true,"href":"http:\/\/elobservatorio.com.mx\/index.php?rest_route=\/wp\/v2\/users\/2"}],"replies":[{"embeddable":true,"href":"http:\/\/elobservatorio.com.mx\/index.php?rest_route=%2Fwp%2Fv2%2Fcomments&post=4817"}],"version-history":[{"count":0,"href":"http:\/\/elobservatorio.com.mx\/index.php?rest_route=\/wp\/v2\/posts\/4817\/revisions"}],"wp:featuredmedia":[{"embeddable":true,"href":"http:\/\/elobservatorio.com.mx\/index.php?rest_route=\/wp\/v2\/media\/4818"}],"wp:attachment":[{"href":"http:\/\/elobservatorio.com.mx\/index.php?rest_route=%2Fwp%2Fv2%2Fmedia&parent=4817"}],"wp:term":[{"taxonomy":"category","embeddable":true,"href":"http:\/\/elobservatorio.com.mx\/index.php?rest_route=%2Fwp%2Fv2%2Fcategories&post=4817"},{"taxonomy":"post_tag","embeddable":true,"href":"http:\/\/elobservatorio.com.mx\/index.php?rest_route=%2Fwp%2Fv2%2Ftags&post=4817"}],"curies":[{"name":"wp","href":"https:\/\/api.w.org\/{rel}","templated":true}]}}