{"id":4823,"date":"2019-05-17T05:42:39","date_gmt":"2019-05-17T05:42:39","guid":{"rendered":"http:\/\/elobservatorio.com.mx\/lanzan-en-colima-la-campana-nursing-now"},"modified":"2019-05-17T05:42:39","modified_gmt":"2019-05-17T05:42:39","slug":"lanzan-en-colima-la-campana-nursing-now","status":"publish","type":"post","link":"http:\/\/elobservatorio.com.mx\/?p=4823","title":{"rendered":"Lanzan en Colima la campa\u00f1a Nursing now"},"content":{"rendered":"<p class=\"x_MsoNormal\"><em>*Secretario de Salud inaugura las XXII Jornadas Interinstitucionales de Enfermer\u00eda<\/em><\/p>\n<p class=\"x_MsoNormal\">El Gobierno del Estado a trav\u00e9s de la Secretar\u00eda de Salud y Bienestar Social y la Direcci\u00f3n Nacional de Enfermer\u00eda, lanzaron la campa\u00f1a global Nursing now Colima que se realiza en colaboraci\u00f3n con el Consejo Internacional de Enfermer\u00eda y la Organizaci\u00f3n Mundial de la Salud, a fin de mejorar la salud a nivel mundial al mejorar el estado de enfermeras y enfermeros.<\/p>\n<p class=\"x_MsoNormal\">De esta manera, se promover\u00e1 el fortalecimiento de la Enfermer\u00eda en el estado hacia el empoderamiento de las pr\u00e1cticas basadas en evidencia cient\u00edfica y la participaci\u00f3n en la toma de decisiones en los programas prioritarios de salud.<\/p>\n<p class=\"x_MsoNormal\">\u00a0 Al inaugurar en representaci\u00f3n del gobernador Jos\u00e9 Ignacio Peralta S\u00e1nchez, las Jornadas Interinstitucionales de Enfermer\u00eda, el secretario de Salud, Miguel Becerra Hern\u00e1ndez, manifest\u00f3 el apoyo del gobierno estatal a esta campa\u00f1a para contribuir al mejoramiento de los \u00edndices de salud en la poblaci\u00f3n.<\/p>\n<p class=\"x_MsoNormal\">Reconoci\u00f3 que en Colima, el personal de Enfermer\u00eda est\u00e1 dedicado al servicio honesto y a la atenci\u00f3n con humanismo de los pacientes, as\u00ed como interesado en el proceso de mejora de la atenci\u00f3n de la salud de la poblaci\u00f3n.<\/p>\n<p class=\"x_MsoNormal\">Por su parte, el subdirector de Evaluaci\u00f3n de los Servicios de Enfermer\u00eda y secretario t\u00e9cnico de la Comisi\u00f3n Permanente de Enfermer\u00eda, H\u00e9ctor Olivera Carrasco, inform\u00f3 que a esta campa\u00f1a ya se han sumado otros cuatro gobiernos estatales y a la cual se integra M\u00e9xico con el proyecto sobre Enfermer\u00eda de pr\u00e1ctica avanzada y otros documentos que se adoptaron como compromisos para Nursing now.<\/p>\n<p class=\"x_MsoNormal\">\u00a0 En su momento, la jefa estatal de Enfermer\u00eda y coordinadora general de la Comisi\u00f3n Interinstitucional de Enfermer\u00eda del Estado de Colima, Mayra Patricia Ram\u00edrez Hern\u00e1ndez, dio a conocer que en la entidad se har\u00e1 la difusi\u00f3n masiva de la campa\u00f1a, se impulsar\u00e1 el fortalecimiento del liderazgo de Enfermer\u00eda y se implementar\u00e1 la pr\u00e1ctica avanzada en el primer nivel de atenci\u00f3n, comenzando en las unidades piloto donde existen avances de esta intervenciones de Enfermer\u00eda, como son las Unidades de Especialidades M\u00e9dicas (Uneme).<\/p>\n<p class=\"x_MsoNormal\">En estas jornadas de capacitaci\u00f3n se abordan los temas prioritarios para los programas de atenci\u00f3n que fortalecer\u00e1n y empoderar\u00e1n la toma decisiones del personal de Enfermer\u00eda en las unidades de primer y segundo nivel de atenci\u00f3n, mediante la visi\u00f3n a una pr\u00e1ctica avanzada y la utilizaci\u00f3n de evidencia cient\u00edfica contenida en las Gu\u00edas de Pr\u00e1ctica Cl\u00ednica de Enfermer\u00eda para la aplicaci\u00f3n de los Planes de Cuidados dirigidos a los usuarios.<\/p>\n","protected":false},"excerpt":{"rendered":"<p>*Secretario de Salud inaugura las XXII Jornadas Interinstitucionales de Enfermer\u00eda El Gobierno del Estado a trav\u00e9s de la Secretar\u00eda de Salud y Bienestar Social y la Direcci\u00f3n Nacional de Enfermer\u00eda, lanzaron la campa\u00f1a global Nursing now Colima que se realiza en colaboraci\u00f3n con el Consejo Internacional de Enfermer\u00eda y la Organizaci\u00f3n Mundial de la Salud,&#8230;<\/p>\n","protected":false},"author":2,"featured_media":4824,"comment_status":"open","ping_status":"open","sticky":false,"template":"","format":"standard","meta":{"footnotes":""},"categories":[9],"tags":[29,30,28],"class_list":["post-4823","post","type-post","status-publish","format-standard","has-post-thumbnail","hentry","category-agro-y-salud","tag-grid","tag-news","tag-slider"],"_links":{"self":[{"href":"http:\/\/elobservatorio.com.mx\/index.php?rest_route=\/wp\/v2\/posts\/4823"}],"collection":[{"href":"http:\/\/elobservatorio.com.mx\/index.php?rest_route=\/wp\/v2\/posts"}],"about":[{"href":"http:\/\/elobservatorio.com.mx\/index.php?rest_route=\/wp\/v2\/types\/post"}],"author":[{"embeddable":true,"href":"http:\/\/elobservatorio.com.mx\/index.php?rest_route=\/wp\/v2\/users\/2"}],"replies":[{"embeddable":true,"href":"http:\/\/elobservatorio.com.mx\/index.php?rest_route=%2Fwp%2Fv2%2Fcomments&post=4823"}],"version-history":[{"count":0,"href":"http:\/\/elobservatorio.com.mx\/index.php?rest_route=\/wp\/v2\/posts\/4823\/revisions"}],"wp:featuredmedia":[{"embeddable":true,"href":"http:\/\/elobservatorio.com.mx\/index.php?rest_route=\/wp\/v2\/media\/4824"}],"wp:attachment":[{"href":"http:\/\/elobservatorio.com.mx\/index.php?rest_route=%2Fwp%2Fv2%2Fmedia&parent=4823"}],"wp:term":[{"taxonomy":"category","embeddable":true,"href":"http:\/\/elobservatorio.com.mx\/index.php?rest_route=%2Fwp%2Fv2%2Fcategories&post=4823"},{"taxonomy":"post_tag","embeddable":true,"href":"http:\/\/elobservatorio.com.mx\/index.php?rest_route=%2Fwp%2Fv2%2Ftags&post=4823"}],"curies":[{"name":"wp","href":"https:\/\/api.w.org\/{rel}","templated":true}]}}