{"id":4830,"date":"2019-05-17T16:58:13","date_gmt":"2019-05-17T16:58:13","guid":{"rendered":"http:\/\/elobservatorio.com.mx\/abren-ventanilla-del-programa-de-concurrencia-con-las-entidades-federativas"},"modified":"2019-05-17T17:01:30","modified_gmt":"2019-05-17T17:01:30","slug":"abren-ventanilla-del-programa-de-concurrencia-con-las-entidades-federativas","status":"publish","type":"post","link":"http:\/\/elobservatorio.com.mx\/?p=4830","title":{"rendered":"Abren ventanilla del programa de concurrencia con las entidades federativas"},"content":{"rendered":"<p><em>*Estar\u00e1 abierta del 20 de mayo al 7 de junio, informa Jos\u00e9 Luis Cazares\u00a0<\/em><\/p>\n<p>El Jefe de Desarrollo Rural de la comuna tecomense Jos\u00e9 Luis C\u00e1zares Bravo dio a conocer que el pr\u00f3ximo lunes estar\u00e1 abierta la ventanilla del Programa de Concurrencia con las Entidades Federativas; informaci\u00f3n dirigido a productores, organizaciones agr\u00edcolas y pecuarias y a la poblaci\u00f3n en general que se dediquen a las actividades del sector rural \u201cse les informa que a partir del 20 de mayo y hasta el 07 de junio estar\u00e1n abiertas las ventanillas de recepci\u00f3n de documentaci\u00f3n y para la gente de Tecom\u00e1n podr\u00e1n hacer sus tr\u00e1mites en la jefatura de desarrollo rural en el Centro Municipal de Negocios en la planta alta de la Presidencia Municipal de las 9:00 de la ma\u00f1ana a las 2:00 de la tarde de lunes a viernes\u201d.<\/p>\n<p>Al referirse a los conceptos de apoyos, C\u00e1zares Bravo destac\u00f3 que se trata de infraestructura, equipamiento, maquinaria y material biol\u00f3gico \u201clos proyectos productivos que se presenten obtendr\u00e1n hasta el 80% del costo, sin rebasar los $250.000.00 (doscientos cincuenta mil pesos), por proyecto iva excluido\u201d.<\/p>\n<p>Asimismo mencion\u00f3 que las personas f\u00edsicas mayores de edad, deber\u00e1n llevar identificaci\u00f3n oficial vigente (credencial para votar o pasaporte); la CURP, comprobante de domicilio del solicitante (luz o agua), con una vigencia no mayor a tres meses anteriores a la fecha de la solicitud; acreditar en su caso la propiedad o la legal posesi\u00f3n del predio mediante el documento jur\u00eddico fehaciente que corresponda, dependiendo la naturaleza del componente, con las formalidades que exija el marco legal aplicable en la materia; copia simple del proyecto, estado de cuenta con CLABE interbancaria, no mayor a 3 meses.<\/p>\n<p>El Jefe de Desarrollo Rural tambi\u00e9n mencion\u00f3 que las personas morales deber\u00e1n adjuntar la acta constitutiva y de las modificaciones o estatutos que en su caso hayan tenido a la fecha de la solicitud, debidamente protocolizada ante Fedatario P\u00fablico<\/p>\n<p>\u201ccomprobante de domicilio fiscal (luz o agua), con una vigencia no mayor a tres meses anteriores a la fecha de la solicitud; RFC de la persona moral y representante legal; identificaci\u00f3n oficial del representante legal vigente (credencial para votar o pasaporte) CURP del representante legal; acreditar en su caso la propiedad o la legal posesi\u00f3n del predio, mediante el documento jur\u00eddico fehaciente que corresponda, dependiendo la naturaleza del componente con las formalidades que exija el marco legal aplicable en la materia; copia simple del proyecto y estado de cuenta con CLABE Interbancaria, no mayor a 3 meses\u201d.<\/p>\n<p>Finalmente C\u00e1zares Bravo mencion\u00f3 que para los productores que soliciten en el subsector ganadero, necesitan el documento que acredite su registro actualizado en el Padr\u00f3n Ganadero Nacional (UPP) 2019 y para los productores que soliciten en el subsector de pesca y acu\u00edcola deber\u00e1n llevar copia de las concesiones de pesca y\/o acuacultura vigente aplicable al tipo de proyecto , Registro Nacional de Pesca y Acuacultura (RNPA) tanto la Unidad Econ\u00f3mica como el activo productivo sujeto del incentivo<\/p>\n<p>\u201clos tipos de apoyo y descripci\u00f3n, as\u00ed como las consideraciones importantes y las especificaciones t\u00e9cnicas en materia pesquera 2019 emitidas por la Comisi\u00f3n Nacional de Acuacultura y Pesca podr\u00e1n ser consultadas en la liga https:\/\/www.conapesca.gob.mx\/wb\/cona\/especificaciones_t\u00e9cnicas_en_materia_pesquera_2019.<\/p>\n","protected":false},"excerpt":{"rendered":"<p>*Estar\u00e1 abierta del 20 de mayo al 7 de junio, informa Jos\u00e9 Luis Cazares\u00a0 El Jefe de Desarrollo Rural de la comuna tecomense Jos\u00e9 Luis C\u00e1zares Bravo dio a conocer que el pr\u00f3ximo lunes estar\u00e1 abierta la ventanilla del Programa de Concurrencia con las Entidades Federativas; informaci\u00f3n dirigido a productores, organizaciones agr\u00edcolas y pecuarias y&#8230;<\/p>\n","protected":false},"author":2,"featured_media":4832,"comment_status":"open","ping_status":"open","sticky":false,"template":"","format":"standard","meta":{"footnotes":""},"categories":[8,34],"tags":[29,30,28],"class_list":["post-4830","post","type-post","status-publish","format-standard","has-post-thumbnail","hentry","category-municipios","category-tecoman","tag-grid","tag-news","tag-slider"],"_links":{"self":[{"href":"http:\/\/elobservatorio.com.mx\/index.php?rest_route=\/wp\/v2\/posts\/4830"}],"collection":[{"href":"http:\/\/elobservatorio.com.mx\/index.php?rest_route=\/wp\/v2\/posts"}],"about":[{"href":"http:\/\/elobservatorio.com.mx\/index.php?rest_route=\/wp\/v2\/types\/post"}],"author":[{"embeddable":true,"href":"http:\/\/elobservatorio.com.mx\/index.php?rest_route=\/wp\/v2\/users\/2"}],"replies":[{"embeddable":true,"href":"http:\/\/elobservatorio.com.mx\/index.php?rest_route=%2Fwp%2Fv2%2Fcomments&post=4830"}],"version-history":[{"count":0,"href":"http:\/\/elobservatorio.com.mx\/index.php?rest_route=\/wp\/v2\/posts\/4830\/revisions"}],"wp:featuredmedia":[{"embeddable":true,"href":"http:\/\/elobservatorio.com.mx\/index.php?rest_route=\/wp\/v2\/media\/4832"}],"wp:attachment":[{"href":"http:\/\/elobservatorio.com.mx\/index.php?rest_route=%2Fwp%2Fv2%2Fmedia&parent=4830"}],"wp:term":[{"taxonomy":"category","embeddable":true,"href":"http:\/\/elobservatorio.com.mx\/index.php?rest_route=%2Fwp%2Fv2%2Fcategories&post=4830"},{"taxonomy":"post_tag","embeddable":true,"href":"http:\/\/elobservatorio.com.mx\/index.php?rest_route=%2Fwp%2Fv2%2Ftags&post=4830"}],"curies":[{"name":"wp","href":"https:\/\/api.w.org\/{rel}","templated":true}]}}